{"id":1057,"date":"2017-06-14T08:05:31","date_gmt":"2017-06-14T08:05:31","guid":{"rendered":"http:\/\/beat4people.com\/?p=1057"},"modified":"2017-06-14T08:14:48","modified_gmt":"2017-06-14T08:14:48","slug":"el-genio-renacentista-michelangelo-cierra-la-temporada-exhibition-on-screen","status":"publish","type":"post","link":"https:\/\/beat4people.com\/index.php\/2017\/06\/14\/el-genio-renacentista-michelangelo-cierra-la-temporada-exhibition-on-screen\/","title":{"rendered":"El genio renacentista \u2018Michelangelo\u2019 cierra la temporada Exhibition On Screen"},"content":{"rendered":"<p style=\"text-align: center;\"><strong><a href=\"https:\/\/i0.wp.com\/beat4people.com\/wp-content\/uploads\/2017\/06\/St-Peters-Basillica-The-Pieta-\u00c2\u00ae-David-Bickerstaff.jpg\"><img data-attachment-id=\"1060\" data-permalink=\"https:\/\/beat4people.com\/index.php\/2017\/06\/14\/el-genio-renacentista-michelangelo-cierra-la-temporada-exhibition-on-screen\/st-peters-basillica-the-pieta-a-david-bickerstaff\/\" data-orig-file=\"https:\/\/i0.wp.com\/beat4people.com\/wp-content\/uploads\/2017\/06\/St-Peters-Basillica-The-Pieta-\u00c2\u00ae-David-Bickerstaff.jpg?fit=1600%2C1094&amp;ssl=1\" data-orig-size=\"1600,1094\" data-comments-opened=\"1\" data-image-meta=\"{&quot;aperture&quot;:&quot;4&quot;,&quot;credit&quot;:&quot;&quot;,&quot;camera&quot;:&quot;ILCE-7SM2&quot;,&quot;caption&quot;:&quot;&quot;,&quot;created_timestamp&quot;:&quot;1476981007&quot;,&quot;copyright&quot;:&quot;&quot;,&quot;focal_length&quot;:&quot;70&quot;,&quot;iso&quot;:&quot;4000&quot;,&quot;shutter_speed&quot;:&quot;0.00625&quot;,&quot;title&quot;:&quot;&quot;,&quot;orientation&quot;:&quot;1&quot;}\" data-image-title=\"St Peter&#8217;s Basillica The Pieta -\u00c2\u00ae David Bickerstaff\" data-image-description=\"\" data-image-caption=\"\" data-medium-file=\"https:\/\/i0.wp.com\/beat4people.com\/wp-content\/uploads\/2017\/06\/St-Peters-Basillica-The-Pieta-\u00c2\u00ae-David-Bickerstaff.jpg?fit=300%2C205&amp;ssl=1\" data-large-file=\"https:\/\/i0.wp.com\/beat4people.com\/wp-content\/uploads\/2017\/06\/St-Peters-Basillica-The-Pieta-\u00c2\u00ae-David-Bickerstaff.jpg?fit=640%2C438&amp;ssl=1\" decoding=\"async\" loading=\"lazy\" class=\" wp-image-1060 aligncenter\" src=\"https:\/\/i0.wp.com\/beat4people.com\/wp-content\/uploads\/2017\/06\/St-Peters-Basillica-The-Pieta-\u00c2\u00ae-David-Bickerstaff.jpg?resize=420%2C287\" alt=\"\" width=\"420\" height=\"287\" srcset=\"https:\/\/i0.wp.com\/beat4people.com\/wp-content\/uploads\/2017\/06\/St-Peters-Basillica-The-Pieta-\u00c2\u00ae-David-Bickerstaff.jpg?w=1600&amp;ssl=1 1600w, https:\/\/i0.wp.com\/beat4people.com\/wp-content\/uploads\/2017\/06\/St-Peters-Basillica-The-Pieta-\u00c2\u00ae-David-Bickerstaff.jpg?resize=300%2C205&amp;ssl=1 300w, https:\/\/i0.wp.com\/beat4people.com\/wp-content\/uploads\/2017\/06\/St-Peters-Basillica-The-Pieta-\u00c2\u00ae-David-Bickerstaff.jpg?resize=768%2C525&amp;ssl=1 768w, https:\/\/i0.wp.com\/beat4people.com\/wp-content\/uploads\/2017\/06\/St-Peters-Basillica-The-Pieta-\u00c2\u00ae-David-Bickerstaff.jpg?resize=1024%2C700&amp;ssl=1 1024w, https:\/\/i0.wp.com\/beat4people.com\/wp-content\/uploads\/2017\/06\/St-Peters-Basillica-The-Pieta-\u00c2\u00ae-David-Bickerstaff.jpg?resize=218%2C150&amp;ssl=1 218w, https:\/\/i0.wp.com\/beat4people.com\/wp-content\/uploads\/2017\/06\/St-Peters-Basillica-The-Pieta-\u00c2\u00ae-David-Bickerstaff.jpg?resize=696%2C476&amp;ssl=1 696w, https:\/\/i0.wp.com\/beat4people.com\/wp-content\/uploads\/2017\/06\/St-Peters-Basillica-The-Pieta-\u00c2\u00ae-David-Bickerstaff.jpg?resize=1068%2C730&amp;ssl=1 1068w, https:\/\/i0.wp.com\/beat4people.com\/wp-content\/uploads\/2017\/06\/St-Peters-Basillica-The-Pieta-\u00c2\u00ae-David-Bickerstaff.jpg?resize=614%2C420&amp;ssl=1 614w, https:\/\/i0.wp.com\/beat4people.com\/wp-content\/uploads\/2017\/06\/St-Peters-Basillica-The-Pieta-\u00c2\u00ae-David-Bickerstaff.jpg?w=1280&amp;ssl=1 1280w\" sizes=\"(max-width: 420px) 100vw, 420px\" data-recalc-dims=\"1\" \/><\/a>&lt;&lt;Una enorme fuerza art\u00edstica y un artista universalmente admirado, \u2018Michelangelo\u2019 se adentra en la vida del enigm\u00e1tico artista italiano, sin duda, una de las personalidades m\u00e1s influyentes del Renacimiento y probablemente de todos los tiempos&gt;&gt;<\/strong><\/p>\n<p style=\"text-align: justify;\"><a href=\"http:\/\/www.acontracorrientefilms.com\/\">A Contracorriente Films<\/a> cerrar\u00e1 la temporada de <a href=\"http:\/\/acfeventos.com\/\">Exhibition On Screen<\/a> con el estreno de <em><a href=\"https:\/\/www.youtube.com\/watch?v=uOnc3CIUxDI\">Michelangelo<\/a><\/em>, un documental que Nos narra, a trav\u00e9s de artistas y otros expertos en arte la extensa y muy influyente obra de <a href=\"https:\/\/www.biografiasyvidas.com\/biografia\/m\/miguel_angel.htm\">Michelangelo Buonarroti<\/a>.<\/p>\n<p style=\"text-align: justify;\">\u00a0El film abarca los 89 a\u00f1os de vida del artista italiano y acerca al espectador a este personaje carism\u00e1tico, a la relaci\u00f3n que mantuvo con sus contempor\u00e1neos y a su valioso y muy variado legado art\u00edstico. <em><a href=\"http:\/\/acfeventos.com\/eventos\/michelangelo\/\">Michelangelo<\/a><\/em> es un viaje f\u00edlmico, empezando por las salas de impresi\u00f3n y dibujo de Europa, las grandes capillas y museos de Florencia, Roma y el Vaticano, y a trav\u00e9s de la tempestuosa vida del artista. Descubriremos c\u00f3mo se inspiraba y los m\u00e9todos de trabajo del Michelangelo pintor, escultor, arquitecto y poeta centr\u00e1ndose especialmente en obras como la &lt;&lt;imponente estatua de David, la conmovedora Piet\u00e0 en la Bas\u00edlica de San Pedro y su <em>tour de forc\u00e9<\/em>: el techo de la Capilla Sixtina&gt;&gt;, que dej\u00f3 su huella. Una inmensa obra con &lt;&lt;la que consigui\u00f3 dominar el panorama creativo del siglo XVI.<\/p>\n<p style=\"text-align: justify;\">El director,<a href=\"http:\/\/www.imdb.com\/name\/nm3302806\/\"> David Bickerstaff<\/a>, ha buscado &lt;&lt;darnos las claves para entender el papel central que el genio italiano jug\u00f3 en la historia del arte, explicando la peculiar mirada del artista hacia el hombre en su incesante b\u00fasqueda de inspiraci\u00f3n&gt;&gt;.<\/p>\n<p style=\"text-align: justify;\">Con <em>Michelangelo<\/em> se cierra la cuarta temporada de la pionera serie f\u00edlmica Exhibition On Screen, demostrando que es posible acercar los museos al cine y atrayendo, a su vez, a los espectadores a las salas de arte para ver los cuadros con otra mirada.<\/p>\n<p style=\"text-align: justify;\">Avalada por las m\u00e1s prestigiosas galer\u00edas y museos del mundo, Exhibition On Screen inaugur\u00f3 la cuarta temporada en Espa\u00f1a con <em>Yo, Claude Monet<\/em> seguida por<em> El fascinante mundo de El Bosco <\/em>y <em>El jard\u00edn del artista: impresionismo americano. Michelangelo<\/em> ser\u00e1 la \u00faltima proyecci\u00f3n de esta cuarta temporada, y podr\u00e1 verse, por tiempo limitado, el pr\u00f3ximo 15 de junio en 66 salas de cine de nuestro pa\u00eds. Imprescindible para estudiantes de Bellas Artes, Arquitectura o aficionados a las artes.<\/p>\n<p style=\"text-align: justify;\"><a href=\"https:\/\/i0.wp.com\/beat4people.com\/wp-content\/uploads\/2017\/06\/David-Accademia-\u00c2\u00ae-David-Bickerstaff.jpg\"><img data-attachment-id=\"1058\" data-permalink=\"https:\/\/beat4people.com\/index.php\/2017\/06\/14\/el-genio-renacentista-michelangelo-cierra-la-temporada-exhibition-on-screen\/david-accademia-a-david-bickerstaff\/\" data-orig-file=\"https:\/\/i0.wp.com\/beat4people.com\/wp-content\/uploads\/2017\/06\/David-Accademia-\u00c2\u00ae-David-Bickerstaff.jpg?fit=1600%2C1069&amp;ssl=1\" data-orig-size=\"1600,1069\" data-comments-opened=\"1\" data-image-meta=\"{&quot;aperture&quot;:&quot;2.8&quot;,&quot;credit&quot;:&quot;&quot;,&quot;camera&quot;:&quot;ILCE-7SM2&quot;,&quot;caption&quot;:&quot;&quot;,&quot;created_timestamp&quot;:&quot;1477384661&quot;,&quot;copyright&quot;:&quot;&quot;,&quot;focal_length&quot;:&quot;200&quot;,&quot;iso&quot;:&quot;2500&quot;,&quot;shutter_speed&quot;:&quot;0.004&quot;,&quot;title&quot;:&quot;&quot;,&quot;orientation&quot;:&quot;1&quot;}\" data-image-title=\"David Accademia -\u00c2\u00ae David Bickerstaff\" data-image-description=\"\" data-image-caption=\"\" data-medium-file=\"https:\/\/i0.wp.com\/beat4people.com\/wp-content\/uploads\/2017\/06\/David-Accademia-\u00c2\u00ae-David-Bickerstaff.jpg?fit=300%2C200&amp;ssl=1\" data-large-file=\"https:\/\/i0.wp.com\/beat4people.com\/wp-content\/uploads\/2017\/06\/David-Accademia-\u00c2\u00ae-David-Bickerstaff.jpg?fit=640%2C428&amp;ssl=1\" decoding=\"async\" loading=\"lazy\" class=\"wp-image-1058 aligncenter\" src=\"https:\/\/i0.wp.com\/beat4people.com\/wp-content\/uploads\/2017\/06\/David-Accademia-\u00c2\u00ae-David-Bickerstaff.jpg?resize=465%2C311\" alt=\"\" width=\"465\" height=\"311\" srcset=\"https:\/\/i0.wp.com\/beat4people.com\/wp-content\/uploads\/2017\/06\/David-Accademia-\u00c2\u00ae-David-Bickerstaff.jpg?w=1600&amp;ssl=1 1600w, https:\/\/i0.wp.com\/beat4people.com\/wp-content\/uploads\/2017\/06\/David-Accademia-\u00c2\u00ae-David-Bickerstaff.jpg?resize=300%2C200&amp;ssl=1 300w, https:\/\/i0.wp.com\/beat4people.com\/wp-content\/uploads\/2017\/06\/David-Accademia-\u00c2\u00ae-David-Bickerstaff.jpg?resize=768%2C513&amp;ssl=1 768w, https:\/\/i0.wp.com\/beat4people.com\/wp-content\/uploads\/2017\/06\/David-Accademia-\u00c2\u00ae-David-Bickerstaff.jpg?resize=1024%2C684&amp;ssl=1 1024w, https:\/\/i0.wp.com\/beat4people.com\/wp-content\/uploads\/2017\/06\/David-Accademia-\u00c2\u00ae-David-Bickerstaff.jpg?resize=696%2C465&amp;ssl=1 696w, https:\/\/i0.wp.com\/beat4people.com\/wp-content\/uploads\/2017\/06\/David-Accademia-\u00c2\u00ae-David-Bickerstaff.jpg?resize=1068%2C714&amp;ssl=1 1068w, https:\/\/i0.wp.com\/beat4people.com\/wp-content\/uploads\/2017\/06\/David-Accademia-\u00c2\u00ae-David-Bickerstaff.jpg?resize=629%2C420&amp;ssl=1 629w, https:\/\/i0.wp.com\/beat4people.com\/wp-content\/uploads\/2017\/06\/David-Accademia-\u00c2\u00ae-David-Bickerstaff.jpg?w=1280&amp;ssl=1 1280w\" sizes=\"(max-width: 465px) 100vw, 465px\" data-recalc-dims=\"1\" \/><\/a><\/p>\n<p>&nbsp;<\/p>\n<p><span style=\"text-decoration: underline;\"><strong>Salas de cines que proyectar\u00e1n \u2018Michelangelo\u2019 el 15 de junio de 2017<\/strong><\/span><\/p>\n<p><strong>ANDALUC\u00cdA<\/strong><\/p>\n<p><strong>C\u00e1diz: Cinesur Bah\u00eda de C\u00e1diz<\/strong><\/p>\n<p><strong>C\u00f3rdoba: Multicines Guadalquivir, Cinesur El Tablero<\/strong><\/p>\n<p><strong>Fuengirola (M\u00e1laga): Cinesur Miramar<\/strong><\/p>\n<p><strong>Ja\u00e9n: Cines La Loma<\/strong><\/p>\n<p><strong>Mairena del Aljarafe (Sevilla): Cines Metromar<\/strong><\/p>\n<p><strong>M\u00e1laga: Yelmo Cines Vialia (20 de junio)<\/strong><\/p>\n<p><strong>Marbella (M\u00e1laga): Cine Teatro Goya, Cinesa La Ca\u00f1ada<\/strong><\/p>\n<p><strong>Puerto de Santa Mar\u00eda (C\u00e1diz): Multicines Bah\u00eda Mar<\/strong><\/p>\n<p><strong>Sevilla: Cine Cervantes, Cinesur Nervi\u00f3n Plaza<\/strong><\/p>\n<p><strong>V\u00e9lez-M\u00e1laga: Cinesur El Ingenio<\/strong><\/p>\n<p><strong>ARAG\u00d3N<\/strong><\/p>\n<p><strong>Zaragoza: Cines Palafox, Cines Aragonia<\/strong><\/p>\n<p><strong>ASTURIAS<\/strong><\/p>\n<p><strong>Oviedo: Yelmo Cines Los Prados (20 de junio)<\/strong><\/p>\n<p><strong>CANTABRIA<\/strong><\/p>\n<p><strong>Santander: Cinesa Gran Bah\u00eda, Cines Pe\u00f1acastillo<\/strong><\/p>\n<p><strong>CASTILLA LA MANCHA<\/strong><\/p>\n<p><strong>Guadalajara: Multicines Guadalajara<\/strong><\/p>\n<p><strong>Toledo: Cinesur Luz del Tajo<\/strong><\/p>\n<p><strong>CASTILLA Y LE\u00d3N<\/strong><\/p>\n<p><strong>\u00c1vila: Cine Estrella<\/strong><\/p>\n<p><strong>Le\u00f3n: Cines Van Gogh <\/strong><\/p>\n<p><strong>Palencia: Multicines Avenida<\/strong><\/p>\n<p><strong>Salamanca: Cines Van Dyck <\/strong><\/p>\n<p><strong>Segovia: Cines Luz de Castilla<\/strong><\/p>\n<p><strong>Zamora: Multicines Zamora<\/strong><\/p>\n<p><strong>CATALUNYA<\/strong><\/p>\n<p><strong>Barcelona: Cinemes Verdi, Cinesa Diagonal, Cinemes Com\u00e8dia, Balmes Multicines, Cinemes Boliche, Yelmo Cines Icaria (20 de junio)<\/strong><\/p>\n<p><strong>Lleida: Teatro Principal de Lleida<\/strong><\/p>\n<p><strong>San Cugat del Vall\u00e9s (Barcelona): Cinesa San Cugat<\/strong><\/p>\n<p><strong>Tarragona: JCA Cinemes Valls, Rambla de L\u00b4Art -Cambrils<\/strong><\/p>\n<p><strong>COMUNIDAD VALENCIANA<\/strong><\/p>\n<p><strong>Benidorm (Alicante): Colci Rincon<\/strong><\/p>\n<p><strong>Valencia: ABC Park, Yelmo Cines Valencia (20 de junio)<\/strong><\/p>\n<p><strong>EUSKADI<\/strong><\/p>\n<p><strong>Bilbao: Golem Alhondiga (20 de junio)<\/strong><\/p>\n<p><strong>Leioa (Bizkaia): Cinesa Artea<\/strong><\/p>\n<p><strong>Portugalete (Bizkaia): Dock Cine <\/strong><\/p>\n<p><strong>San Sebasti\u00e1n: Trueba <\/strong><\/p>\n<p><strong>Vitoria: Cines Florida<\/strong><\/p>\n<p><strong>EXTREMADURA <\/strong><\/p>\n<p><strong>Badajoz: Cines Conquistadores<\/strong><\/p>\n<p><strong>C\u00e1ceres: Multicines C\u00e1ceres <\/strong><\/p>\n<p><strong>M\u00e9rida: Cinesa El Foro<\/strong><\/p>\n<p><strong>GALICIA<\/strong><\/p>\n<p><strong>A Coru\u00f1a: Cines Cantones<\/strong><\/p>\n<p><strong>Santiago de Compostela: Cinesa As Cancelas, Cines Compostela<\/strong><\/p>\n<p><strong>Vigo (Pontevedra): Multicines Norte<\/strong><\/p>\n<p><strong>ILLES BALEARS<\/strong><\/p>\n<p><strong>Palma de Mallorca: Cinesa Festival Park<\/strong><\/p>\n<p><strong>ISLAS CANARIAS<\/strong><\/p>\n<p><strong>Las Palmas de Gran Canaria: Multicines Monopol<\/strong><\/p>\n<p><strong>Tenerife: Yelmo Cines Meridiano (20 de junio)<\/strong><\/p>\n<p><strong>LA RIOJA<\/strong><\/p>\n<p><strong>Logro\u00f1o: Cine 7 Infantes<\/strong><\/p>\n<p><strong>MADRID<\/strong><\/p>\n<p><strong>Alcobendas: Cinesa La Moraleja<\/strong><\/p>\n<p><strong>Las Rozas: Cinesa Las Rozas<\/strong><\/p>\n<p><strong>Madrid: Cines Verdi, Cines Conde Duque Goya, Cines Dreams Palacio de Hielo, Cinesa Manoteras, Cinesa Proyecciones, Cines Acteon<\/strong><\/p>\n<p><strong>MURCIA<\/strong><\/p>\n<p><strong>Cartagena: Neocine Mandarache<\/strong><\/p>\n<p><strong>Murcia: Centrofama<\/strong><\/p>\n<p><strong>NAVARRA<\/strong><\/p>\n<p style=\"text-align: justify;\"><strong>Pamplona: Golem Baiona (20 de junio)<\/strong><\/p>\n\n\n<div class=\"kk-star-ratings kksr-auto kksr-align-left kksr-valign-bottom\"\n    data-payload='{&quot;align&quot;:&quot;left&quot;,&quot;id&quot;:&quot;1057&quot;,&quot;slug&quot;:&quot;default&quot;,&quot;valign&quot;:&quot;bottom&quot;,&quot;ignore&quot;:&quot;&quot;,&quot;reference&quot;:&quot;auto&quot;,&quot;class&quot;:&quot;&quot;,&quot;count&quot;:&quot;0&quot;,&quot;legendonly&quot;:&quot;&quot;,&quot;readonly&quot;:&quot;&quot;,&quot;score&quot;:&quot;0&quot;,&quot;starsonly&quot;:&quot;&quot;,&quot;best&quot;:&quot;5&quot;,&quot;gap&quot;:&quot;5&quot;,&quot;greet&quot;:&quot;Rate this post&quot;,&quot;legend&quot;:&quot;0\\\/5 - (0 votos)&quot;,&quot;size&quot;:&quot;24&quot;,&quot;title&quot;:&quot;El genio renacentista \\u2018Michelangelo\\u2019 cierra la temporada Exhibition On Screen&quot;,&quot;width&quot;:&quot;0&quot;,&quot;_legend&quot;:&quot;{score}\\\/{best} - ({count} {votes})&quot;,&quot;font_factor&quot;:&quot;1.25&quot;}'>\n            \n<div class=\"kksr-stars\">\n    \n<div class=\"kksr-stars-inactive\">\n            <div class=\"kksr-star\" data-star=\"1\" style=\"padding-right: 5px\">\n            \n\n<div class=\"kksr-icon\" style=\"width: 24px; height: 24px;\"><\/div>\n        <\/div>\n            <div class=\"kksr-star\" data-star=\"2\" style=\"padding-right: 5px\">\n            \n\n<div class=\"kksr-icon\" style=\"width: 24px; height: 24px;\"><\/div>\n        <\/div>\n            <div class=\"kksr-star\" data-star=\"3\" style=\"padding-right: 5px\">\n            \n\n<div class=\"kksr-icon\" style=\"width: 24px; height: 24px;\"><\/div>\n        <\/div>\n            <div class=\"kksr-star\" data-star=\"4\" style=\"padding-right: 5px\">\n            \n\n<div class=\"kksr-icon\" style=\"width: 24px; height: 24px;\"><\/div>\n        <\/div>\n            <div class=\"kksr-star\" data-star=\"5\" style=\"padding-right: 5px\">\n            \n\n<div class=\"kksr-icon\" style=\"width: 24px; height: 24px;\"><\/div>\n        <\/div>\n    <\/div>\n    \n<div class=\"kksr-stars-active\" style=\"width: 0px;\">\n            <div class=\"kksr-star\" style=\"padding-right: 5px\">\n            \n\n<div class=\"kksr-icon\" style=\"width: 24px; height: 24px;\"><\/div>\n        <\/div>\n            <div class=\"kksr-star\" style=\"padding-right: 5px\">\n            \n\n<div class=\"kksr-icon\" style=\"width: 24px; height: 24px;\"><\/div>\n        <\/div>\n            <div class=\"kksr-star\" style=\"padding-right: 5px\">\n            \n\n<div class=\"kksr-icon\" style=\"width: 24px; height: 24px;\"><\/div>\n        <\/div>\n            <div class=\"kksr-star\" style=\"padding-right: 5px\">\n            \n\n<div class=\"kksr-icon\" style=\"width: 24px; height: 24px;\"><\/div>\n        <\/div>\n            <div class=\"kksr-star\" style=\"padding-right: 5px\">\n            \n\n<div class=\"kksr-icon\" style=\"width: 24px; height: 24px;\"><\/div>\n        <\/div>\n    <\/div>\n<\/div>\n                \n\n<div class=\"kksr-legend\" style=\"font-size: 19.2px;\">\n            <span class=\"kksr-muted\">Rate this post<\/span>\n    <\/div>\n    <\/div>\n","protected":false},"excerpt":{"rendered":"<p>&lt;&lt;Una enorme fuerza art\u00edstica y un artista universalmente admirado, \u2018Michelangelo\u2019 se adentra en la vida del enigm\u00e1tico artista italiano, sin duda, una de las personalidades m\u00e1s influyentes del Renacimiento y probablemente de todos los tiempos&gt;&gt; A Contracorriente Films cerrar\u00e1 la temporada de Exhibition On Screen con el estreno de Michelangelo, un documental que Nos narra, <\/p>\n","protected":false},"author":4,"featured_media":1059,"comment_status":"open","ping_status":"closed","sticky":false,"template":"","format":"standard","meta":{"jetpack_post_was_ever_published":false,"_jetpack_newsletter_access":"","footnotes":"","jetpack_publicize_message":"","jetpack_is_tweetstorm":false,"jetpack_publicize_feature_enabled":true,"jetpack_social_post_already_shared":false,"jetpack_social_options":{"image_generator_settings":{"template":"highway","enabled":false}}},"categories":[2],"tags":[94,116],"jetpack_publicize_connections":[],"aioseo_notices":[],"jetpack_featured_media_url":"https:\/\/i0.wp.com\/beat4people.com\/wp-content\/uploads\/2017\/06\/Michelangelo-Sistine-Chapel-Ceiling-1508-12-The-Creation-of-Adam-1511-12.jpg?fit=1600%2C1069&ssl=1","jetpack_sharing_enabled":true,"jetpack_likes_enabled":true,"jetpack-related-posts":[],"_links":{"self":[{"href":"https:\/\/beat4people.com\/index.php\/wp-json\/wp\/v2\/posts\/1057"}],"collection":[{"href":"https:\/\/beat4people.com\/index.php\/wp-json\/wp\/v2\/posts"}],"about":[{"href":"https:\/\/beat4people.com\/index.php\/wp-json\/wp\/v2\/types\/post"}],"author":[{"embeddable":true,"href":"https:\/\/beat4people.com\/index.php\/wp-json\/wp\/v2\/users\/4"}],"replies":[{"embeddable":true,"href":"https:\/\/beat4people.com\/index.php\/wp-json\/wp\/v2\/comments?post=1057"}],"version-history":[{"count":0,"href":"https:\/\/beat4people.com\/index.php\/wp-json\/wp\/v2\/posts\/1057\/revisions"}],"wp:featuredmedia":[{"embeddable":true,"href":"https:\/\/beat4people.com\/index.php\/wp-json\/wp\/v2\/media\/1059"}],"wp:attachment":[{"href":"https:\/\/beat4people.com\/index.php\/wp-json\/wp\/v2\/media?parent=1057"}],"wp:term":[{"taxonomy":"category","embeddable":true,"href":"https:\/\/beat4people.com\/index.php\/wp-json\/wp\/v2\/categories?post=1057"},{"taxonomy":"post_tag","embeddable":true,"href":"https:\/\/beat4people.com\/index.php\/wp-json\/wp\/v2\/tags?post=1057"}],"curies":[{"name":"wp","href":"https:\/\/api.w.org\/{rel}","templated":true}]}}