{"id":1230,"date":"2017-10-17T12:42:30","date_gmt":"2017-10-17T12:42:30","guid":{"rendered":"http:\/\/beat4people.com\/?p=1230"},"modified":"2017-10-17T12:42:30","modified_gmt":"2017-10-17T12:42:30","slug":"festival-nocturna-todos-los-ingredientes-para-pasarlo-bien-o-mal","status":"publish","type":"post","link":"https:\/\/beat4people.com\/index.php\/2017\/10\/17\/festival-nocturna-todos-los-ingredientes-para-pasarlo-bien-o-mal\/","title":{"rendered":"FESTIVAL NOCTURNA: Todos los ingredientes para pasarlo bien\u2026 O mal"},"content":{"rendered":"<p style=\"text-align: justify;\"><a href=\"https:\/\/i0.wp.com\/beat4people.com\/wp-content\/uploads\/2017\/10\/Detall-cartel.jpg\"><img data-attachment-id=\"1232\" data-permalink=\"https:\/\/beat4people.com\/index.php\/2017\/10\/17\/festival-nocturna-todos-los-ingredientes-para-pasarlo-bien-o-mal\/detall-cartel\/\" data-orig-file=\"https:\/\/i0.wp.com\/beat4people.com\/wp-content\/uploads\/2017\/10\/Detall-cartel.jpg?fit=2048%2C1365&amp;ssl=1\" data-orig-size=\"2048,1365\" data-comments-opened=\"1\" data-image-meta=\"{&quot;aperture&quot;:&quot;4.5&quot;,&quot;credit&quot;:&quot;&quot;,&quot;camera&quot;:&quot;Canon EOS 7D&quot;,&quot;caption&quot;:&quot;&quot;,&quot;created_timestamp&quot;:&quot;1508234923&quot;,&quot;copyright&quot;:&quot;&quot;,&quot;focal_length&quot;:&quot;50&quot;,&quot;iso&quot;:&quot;2500&quot;,&quot;shutter_speed&quot;:&quot;0.0125&quot;,&quot;title&quot;:&quot;&quot;,&quot;orientation&quot;:&quot;1&quot;}\" data-image-title=\"Detall cartel\" data-image-description=\"\" data-image-caption=\"\" data-medium-file=\"https:\/\/i0.wp.com\/beat4people.com\/wp-content\/uploads\/2017\/10\/Detall-cartel.jpg?fit=300%2C200&amp;ssl=1\" data-large-file=\"https:\/\/i0.wp.com\/beat4people.com\/wp-content\/uploads\/2017\/10\/Detall-cartel.jpg?fit=640%2C427&amp;ssl=1\" decoding=\"async\" loading=\"lazy\" class=\" wp-image-1232 alignleft\" src=\"https:\/\/i0.wp.com\/beat4people.com\/wp-content\/uploads\/2017\/10\/Detall-cartel.jpg?resize=284%2C190\" alt=\"\" width=\"284\" height=\"190\" srcset=\"https:\/\/i0.wp.com\/beat4people.com\/wp-content\/uploads\/2017\/10\/Detall-cartel.jpg?w=2048&amp;ssl=1 2048w, https:\/\/i0.wp.com\/beat4people.com\/wp-content\/uploads\/2017\/10\/Detall-cartel.jpg?resize=300%2C200&amp;ssl=1 300w, https:\/\/i0.wp.com\/beat4people.com\/wp-content\/uploads\/2017\/10\/Detall-cartel.jpg?resize=768%2C512&amp;ssl=1 768w, https:\/\/i0.wp.com\/beat4people.com\/wp-content\/uploads\/2017\/10\/Detall-cartel.jpg?resize=1024%2C683&amp;ssl=1 1024w, https:\/\/i0.wp.com\/beat4people.com\/wp-content\/uploads\/2017\/10\/Detall-cartel.jpg?resize=696%2C464&amp;ssl=1 696w, https:\/\/i0.wp.com\/beat4people.com\/wp-content\/uploads\/2017\/10\/Detall-cartel.jpg?resize=1068%2C712&amp;ssl=1 1068w, https:\/\/i0.wp.com\/beat4people.com\/wp-content\/uploads\/2017\/10\/Detall-cartel.jpg?resize=630%2C420&amp;ssl=1 630w, https:\/\/i0.wp.com\/beat4people.com\/wp-content\/uploads\/2017\/10\/Detall-cartel.jpg?w=1280&amp;ssl=1 1280w, https:\/\/i0.wp.com\/beat4people.com\/wp-content\/uploads\/2017\/10\/Detall-cartel.jpg?w=1920&amp;ssl=1 1920w\" sizes=\"(max-width: 284px) 100vw, 284px\" data-recalc-dims=\"1\" \/><\/a>Un a\u00f1o m\u00e1s, y ya van cinco, se presenta el <a href=\"http:\/\/nocturnamadrid.com\/es\">Festival Internacional de Cine Fant\u00e1stico Nocturna<\/a> del g\u00e9nero fant\u00e1stico y de terror. Pero con importantes novedades, como debe ser para un festival con una enorme proyecci\u00f3n en un futuro inmediato. Como muestra, el patrocinio desde este a\u00f1o de Dark, canal cien por cien de terror.<\/p>\n<p style=\"text-align: justify;\">Para empezar, el cambio de fechas. Pasa de la primavera, como hasta ahora, a oto\u00f1o (del 25 al 29 de octubre 2017). Con ello se consigue seguir el rumbo del transatl\u00e1ntico de este g\u00e9nero, el Festival Internacional de Sitges, como acertadamente lo ha denominado la organizaci\u00f3n del Nocturna. De hecho, el propio Festival de Sitges les est\u00e1 ayudando con promoci\u00f3n y muchas de las pel\u00edculas que han pasado este a\u00f1o ah\u00ed hacen una segunda parada en <a href=\"https:\/\/www.cinesa.es\/Cines\/Proyecciones\">Cinesa Proyecciones<\/a> o <a href=\"http:\/\/www.cinetecamadrid.com\/\">Cineteca<\/a>, las dos sedes del<a href=\"https:\/\/twitter.com\/Nocturnafest\"> Festival Internacional de Cine Fant\u00e1stico Nocturna<\/a>.<\/p>\n<p style=\"text-align: justify;\">Como otros a\u00f1os, tambi\u00e9n cuenta con el apoyo de la Fnac, un apoyo que se ampl\u00eda esta quinta edici\u00f3n para dar cabida a m\u00e1s talleres y mesas redondas. C\u00f3mics, como no pod\u00eda ser menos, incluidos.<\/p>\n<p style=\"text-align: justify;\">Seg\u00fan acaban de anunciar esta ma\u00f1ana en la presentaci\u00f3n oficial en la Fnac Callao, hablando entre otras cosas del homenaje a Chicho Ib\u00e1\u00f1ez Serrador (<a href=\"http:\/\/nocturnamadrid.com\/es\/nocturna-classics\/el-hombre-que-vendio-su-risa\">El hombre que vendi\u00f3 su risa<\/a>) y la complet\u00edsima programaci\u00f3n que tienen preparados, en futuras ediciones buscar\u00e1n incorporar a la m\u00fasica y al teatro. Un valiente y muy agradecido \u00f3rdago por su parte.<\/p>\n<p style=\"text-align: justify;\">Desde ya pod\u00e9is ir reservando entradas\u2026 para pasarlo bien. Terror\u00edficamente bien, con m\u00e1s de un escalofr\u00edo y mal rollismo, en el buen sentido, garantizado. Un escape, tan v\u00e1lido como la comedia, muy necesario en los d\u00edas que corren.<\/p>\n\n\n<div class=\"kk-star-ratings kksr-auto kksr-align-left kksr-valign-bottom\"\n    data-payload='{&quot;align&quot;:&quot;left&quot;,&quot;id&quot;:&quot;1230&quot;,&quot;slug&quot;:&quot;default&quot;,&quot;valign&quot;:&quot;bottom&quot;,&quot;ignore&quot;:&quot;&quot;,&quot;reference&quot;:&quot;auto&quot;,&quot;class&quot;:&quot;&quot;,&quot;count&quot;:&quot;0&quot;,&quot;legendonly&quot;:&quot;&quot;,&quot;readonly&quot;:&quot;&quot;,&quot;score&quot;:&quot;0&quot;,&quot;starsonly&quot;:&quot;&quot;,&quot;best&quot;:&quot;5&quot;,&quot;gap&quot;:&quot;5&quot;,&quot;greet&quot;:&quot;Rate this post&quot;,&quot;legend&quot;:&quot;0\\\/5 - (0 votos)&quot;,&quot;size&quot;:&quot;24&quot;,&quot;title&quot;:&quot;FESTIVAL NOCTURNA: Todos los ingredientes para pasarlo bien\\u2026 O mal&quot;,&quot;width&quot;:&quot;0&quot;,&quot;_legend&quot;:&quot;{score}\\\/{best} - ({count} {votes})&quot;,&quot;font_factor&quot;:&quot;1.25&quot;}'>\n            \n<div class=\"kksr-stars\">\n    \n<div class=\"kksr-stars-inactive\">\n            <div class=\"kksr-star\" data-star=\"1\" style=\"padding-right: 5px\">\n            \n\n<div class=\"kksr-icon\" style=\"width: 24px; height: 24px;\"><\/div>\n        <\/div>\n            <div class=\"kksr-star\" data-star=\"2\" style=\"padding-right: 5px\">\n            \n\n<div class=\"kksr-icon\" style=\"width: 24px; height: 24px;\"><\/div>\n        <\/div>\n            <div class=\"kksr-star\" data-star=\"3\" style=\"padding-right: 5px\">\n            \n\n<div class=\"kksr-icon\" style=\"width: 24px; height: 24px;\"><\/div>\n        <\/div>\n            <div class=\"kksr-star\" data-star=\"4\" style=\"padding-right: 5px\">\n            \n\n<div class=\"kksr-icon\" style=\"width: 24px; height: 24px;\"><\/div>\n        <\/div>\n            <div class=\"kksr-star\" data-star=\"5\" style=\"padding-right: 5px\">\n            \n\n<div class=\"kksr-icon\" style=\"width: 24px; height: 24px;\"><\/div>\n        <\/div>\n    <\/div>\n    \n<div class=\"kksr-stars-active\" style=\"width: 0px;\">\n            <div class=\"kksr-star\" style=\"padding-right: 5px\">\n            \n\n<div class=\"kksr-icon\" style=\"width: 24px; height: 24px;\"><\/div>\n        <\/div>\n            <div class=\"kksr-star\" style=\"padding-right: 5px\">\n            \n\n<div class=\"kksr-icon\" style=\"width: 24px; height: 24px;\"><\/div>\n        <\/div>\n            <div class=\"kksr-star\" style=\"padding-right: 5px\">\n            \n\n<div class=\"kksr-icon\" style=\"width: 24px; height: 24px;\"><\/div>\n        <\/div>\n            <div class=\"kksr-star\" style=\"padding-right: 5px\">\n            \n\n<div class=\"kksr-icon\" style=\"width: 24px; height: 24px;\"><\/div>\n        <\/div>\n            <div class=\"kksr-star\" style=\"padding-right: 5px\">\n            \n\n<div class=\"kksr-icon\" style=\"width: 24px; height: 24px;\"><\/div>\n        <\/div>\n    <\/div>\n<\/div>\n                \n\n<div class=\"kksr-legend\" style=\"font-size: 19.2px;\">\n            <span class=\"kksr-muted\">Rate this post<\/span>\n    <\/div>\n    <\/div>\n","protected":false},"excerpt":{"rendered":"<p>Un a\u00f1o m\u00e1s, y ya van cinco, se presenta el Festival Internacional de Cine Fant\u00e1stico Nocturna del g\u00e9nero fant\u00e1stico y de terror. Pero con importantes novedades, como debe ser para un festival con una enorme proyecci\u00f3n en un futuro inmediato. Como muestra, el patrocinio desde este a\u00f1o de Dark, canal cien por cien de terror. <\/p>\n","protected":false},"author":4,"featured_media":1231,"comment_status":"open","ping_status":"closed","sticky":false,"template":"","format":"standard","meta":{"jetpack_post_was_ever_published":false,"_jetpack_newsletter_access":"","footnotes":"","jetpack_publicize_message":"","jetpack_is_tweetstorm":false,"jetpack_publicize_feature_enabled":true,"jetpack_social_post_already_shared":false,"jetpack_social_options":{"image_generator_settings":{"template":"highway","enabled":false}}},"categories":[106],"tags":[],"jetpack_publicize_connections":[],"aioseo_notices":[],"jetpack_featured_media_url":"https:\/\/i0.wp.com\/beat4people.com\/wp-content\/uploads\/2017\/10\/General-1.jpg?fit=2048%2C1365&ssl=1","jetpack_sharing_enabled":true,"jetpack_likes_enabled":true,"jetpack-related-posts":[],"_links":{"self":[{"href":"https:\/\/beat4people.com\/index.php\/wp-json\/wp\/v2\/posts\/1230"}],"collection":[{"href":"https:\/\/beat4people.com\/index.php\/wp-json\/wp\/v2\/posts"}],"about":[{"href":"https:\/\/beat4people.com\/index.php\/wp-json\/wp\/v2\/types\/post"}],"author":[{"embeddable":true,"href":"https:\/\/beat4people.com\/index.php\/wp-json\/wp\/v2\/users\/4"}],"replies":[{"embeddable":true,"href":"https:\/\/beat4people.com\/index.php\/wp-json\/wp\/v2\/comments?post=1230"}],"version-history":[{"count":0,"href":"https:\/\/beat4people.com\/index.php\/wp-json\/wp\/v2\/posts\/1230\/revisions"}],"wp:featuredmedia":[{"embeddable":true,"href":"https:\/\/beat4people.com\/index.php\/wp-json\/wp\/v2\/media\/1231"}],"wp:attachment":[{"href":"https:\/\/beat4people.com\/index.php\/wp-json\/wp\/v2\/media?parent=1230"}],"wp:term":[{"taxonomy":"category","embeddable":true,"href":"https:\/\/beat4people.com\/index.php\/wp-json\/wp\/v2\/categories?post=1230"},{"taxonomy":"post_tag","embeddable":true,"href":"https:\/\/beat4people.com\/index.php\/wp-json\/wp\/v2\/tags?post=1230"}],"curies":[{"name":"wp","href":"https:\/\/api.w.org\/{rel}","templated":true}]}}