{"id":1240,"date":"2017-10-18T16:28:26","date_gmt":"2017-10-18T16:28:26","guid":{"rendered":"http:\/\/beat4people.com\/?p=1240"},"modified":"2017-10-31T17:42:03","modified_gmt":"2017-10-31T17:42:03","slug":"handia-la-quietud-fluida-de-la-vida","status":"publish","type":"post","link":"https:\/\/beat4people.com\/index.php\/2017\/10\/18\/handia-la-quietud-fluida-de-la-vida\/","title":{"rendered":"HANDIA:  La quietud fluida de la vida"},"content":{"rendered":"<p style=\"text-align: justify;\"><a href=\"https:\/\/i0.wp.com\/beat4people.com\/wp-content\/uploads\/2017\/10\/image_preview.jpg\"><img data-attachment-id=\"1251\" data-permalink=\"https:\/\/beat4people.com\/index.php\/2017\/10\/18\/handia-la-quietud-fluida-de-la-vida\/image_preview\/\" data-orig-file=\"https:\/\/i0.wp.com\/beat4people.com\/wp-content\/uploads\/2017\/10\/image_preview.jpg?fit=305%2C400&amp;ssl=1\" data-orig-size=\"305,400\" data-comments-opened=\"1\" data-image-meta=\"{&quot;aperture&quot;:&quot;0&quot;,&quot;credit&quot;:&quot;&quot;,&quot;camera&quot;:&quot;&quot;,&quot;caption&quot;:&quot;&quot;,&quot;created_timestamp&quot;:&quot;0&quot;,&quot;copyright&quot;:&quot;&quot;,&quot;focal_length&quot;:&quot;0&quot;,&quot;iso&quot;:&quot;0&quot;,&quot;shutter_speed&quot;:&quot;0&quot;,&quot;title&quot;:&quot;&quot;,&quot;orientation&quot;:&quot;0&quot;}\" data-image-title=\"image_preview\" data-image-description=\"\" data-image-caption=\"\" data-medium-file=\"https:\/\/i0.wp.com\/beat4people.com\/wp-content\/uploads\/2017\/10\/image_preview.jpg?fit=229%2C300&amp;ssl=1\" data-large-file=\"https:\/\/i0.wp.com\/beat4people.com\/wp-content\/uploads\/2017\/10\/image_preview.jpg?fit=305%2C400&amp;ssl=1\" decoding=\"async\" loading=\"lazy\" class=\" wp-image-1251 alignleft\" src=\"https:\/\/i0.wp.com\/beat4people.com\/wp-content\/uploads\/2017\/10\/image_preview.jpg?resize=296%2C390\" alt=\"\" width=\"296\" height=\"390\" data-recalc-dims=\"1\" \/><\/a>La vida no era f\u00e1cil en un caser\u00edo vasco a mediados del siglo XIX, como se refleja en la pel\u00edcula <a href=\"http:\/\/www.acontracorrientefilms.com\/pelicula\/761\/handia\/\">Handia<\/a>, del mismo equipo creativo de la aclamada <a href=\"https:\/\/www.filmaffinity.com\/es\/film810299.html\">Loreak<\/a>.<\/p>\n<p style=\"text-align: justify;\">Esta <a href=\"https:\/\/www.filmaffinity.com\/es\/film610629.html\">pel\u00edcula<\/a> se estrena hoy 20 de octubre. Entre muchos \u201cblockbusters\u201d, porque busca al p\u00fablico que le gustan las historias relativamente tranquilas, cotidianas y carente de grandilocuentes efectos especiales. Que no por ello desmerecedoras de ser vistas en la gran pantalla. Al menos no <a href=\"https:\/\/www.dailymotion.com\/video\/x5uokwj\">Handia<\/a>, ya que el juego \u00f3ptico y de vestuario para transformar a <a href=\"http:\/\/www.imdb.com\/name\/nm7271801\/\">Eneko Sagardoy<\/a> en el \u201c<a href=\"http:\/\/www.zumalakarregimuseoa.eus\/es\/actividades\/investigacion-y-documentacion\/pequenos-personajes-del-siglo-xix\/miguel-joaquin-eleicegui\">gigante de Altzo<\/a>\u201d, as\u00ed como la recreaci\u00f3n no solo del Pa\u00eds Vasco sino de ciudades como Londres, Paris, Burdeos o Madrid hace que merezca la pena disfrutarla a lo grande.<\/p>\n<p style=\"text-align: justify;\">Hablo de \u201cla quietud fluida de la vida\u201d porque narra, en distintos cap\u00edtulos o etapas y con variado ritmo, sucesos agitados como la supervivencia durante la primera guerra carlista, las constantes dudas sobre si emigrar o no a Am\u00e9rica y, sobre todo, los viajes para ense\u00f1ar al raro, al diferente de aquellas familias que ten\u00edan un miembro distinto al resto. M\u00e1s por humillante espect\u00e1culo circense, para buscar fortuna, que como investigaci\u00f3n m\u00e9dica.<\/p>\n<p style=\"text-align: justify;\">Pero en el fondo no es m\u00e1s que la inquebrantable e imperturbable relaci\u00f3n entre dos hermanos gemelos, Mart\u00edn y Joaqu\u00edn, indiferenciables hasta que Joaqu\u00edn cae enfermo y empieza a crecer desmesuradamente. Hecho que aun as\u00ed, y a pesar de los momentos tensos, no provocar\u00e1 la separaci\u00f3n de ambos hermanos.<\/p>\n<p style=\"text-align: center;\"><a href=\"https:\/\/i0.wp.com\/beat4people.com\/wp-content\/uploads\/2017\/10\/imagen-del-film.jpg\"><img data-attachment-id=\"1252\" data-permalink=\"https:\/\/beat4people.com\/index.php\/2017\/10\/18\/handia-la-quietud-fluida-de-la-vida\/imagen-del-film\/\" data-orig-file=\"https:\/\/i0.wp.com\/beat4people.com\/wp-content\/uploads\/2017\/10\/imagen-del-film.jpg?fit=2048%2C1365&amp;ssl=1\" data-orig-size=\"2048,1365\" data-comments-opened=\"1\" data-image-meta=\"{&quot;aperture&quot;:&quot;3.2&quot;,&quot;credit&quot;:&quot;david herranz&quot;,&quot;camera&quot;:&quot;Canon EOS 5D Mark III&quot;,&quot;caption&quot;:&quot;&quot;,&quot;created_timestamp&quot;:&quot;1460662713&quot;,&quot;copyright&quot;:&quot;david herranz&quot;,&quot;focal_length&quot;:&quot;150&quot;,&quot;iso&quot;:&quot;1000&quot;,&quot;shutter_speed&quot;:&quot;0.005&quot;,&quot;title&quot;:&quot;&quot;,&quot;orientation&quot;:&quot;1&quot;}\" data-image-title=\"imagen del film\" data-image-description=\"\" data-image-caption=\"\" data-medium-file=\"https:\/\/i0.wp.com\/beat4people.com\/wp-content\/uploads\/2017\/10\/imagen-del-film.jpg?fit=300%2C200&amp;ssl=1\" data-large-file=\"https:\/\/i0.wp.com\/beat4people.com\/wp-content\/uploads\/2017\/10\/imagen-del-film.jpg?fit=640%2C427&amp;ssl=1\" decoding=\"async\" loading=\"lazy\" class=\"wp-image-1252 aligncenter\" src=\"https:\/\/i0.wp.com\/beat4people.com\/wp-content\/uploads\/2017\/10\/imagen-del-film.jpg?resize=483%2C321\" alt=\"\" width=\"483\" height=\"321\" srcset=\"https:\/\/i0.wp.com\/beat4people.com\/wp-content\/uploads\/2017\/10\/imagen-del-film.jpg?w=2048&amp;ssl=1 2048w, https:\/\/i0.wp.com\/beat4people.com\/wp-content\/uploads\/2017\/10\/imagen-del-film.jpg?resize=300%2C200&amp;ssl=1 300w, https:\/\/i0.wp.com\/beat4people.com\/wp-content\/uploads\/2017\/10\/imagen-del-film.jpg?resize=768%2C512&amp;ssl=1 768w, https:\/\/i0.wp.com\/beat4people.com\/wp-content\/uploads\/2017\/10\/imagen-del-film.jpg?resize=1024%2C683&amp;ssl=1 1024w, https:\/\/i0.wp.com\/beat4people.com\/wp-content\/uploads\/2017\/10\/imagen-del-film.jpg?resize=696%2C464&amp;ssl=1 696w, https:\/\/i0.wp.com\/beat4people.com\/wp-content\/uploads\/2017\/10\/imagen-del-film.jpg?resize=1068%2C712&amp;ssl=1 1068w, https:\/\/i0.wp.com\/beat4people.com\/wp-content\/uploads\/2017\/10\/imagen-del-film.jpg?resize=630%2C420&amp;ssl=1 630w, https:\/\/i0.wp.com\/beat4people.com\/wp-content\/uploads\/2017\/10\/imagen-del-film.jpg?w=1280&amp;ssl=1 1280w, https:\/\/i0.wp.com\/beat4people.com\/wp-content\/uploads\/2017\/10\/imagen-del-film.jpg?w=1920&amp;ssl=1 1920w\" sizes=\"(max-width: 483px) 100vw, 483px\" data-recalc-dims=\"1\" \/><\/a><\/p>\n\n\n<div class=\"kk-star-ratings kksr-auto kksr-align-left kksr-valign-bottom\"\n    data-payload='{&quot;align&quot;:&quot;left&quot;,&quot;id&quot;:&quot;1240&quot;,&quot;slug&quot;:&quot;default&quot;,&quot;valign&quot;:&quot;bottom&quot;,&quot;ignore&quot;:&quot;&quot;,&quot;reference&quot;:&quot;auto&quot;,&quot;class&quot;:&quot;&quot;,&quot;count&quot;:&quot;1&quot;,&quot;legendonly&quot;:&quot;&quot;,&quot;readonly&quot;:&quot;&quot;,&quot;score&quot;:&quot;5&quot;,&quot;starsonly&quot;:&quot;&quot;,&quot;best&quot;:&quot;5&quot;,&quot;gap&quot;:&quot;5&quot;,&quot;greet&quot;:&quot;Rate this post&quot;,&quot;legend&quot;:&quot;5\\\/5 - (1 voto)&quot;,&quot;size&quot;:&quot;24&quot;,&quot;title&quot;:&quot;HANDIA:  La quietud fluida de la vida&quot;,&quot;width&quot;:&quot;142.5&quot;,&quot;_legend&quot;:&quot;{score}\\\/{best} - ({count} {votes})&quot;,&quot;font_factor&quot;:&quot;1.25&quot;}'>\n            \n<div class=\"kksr-stars\">\n    \n<div class=\"kksr-stars-inactive\">\n            <div class=\"kksr-star\" data-star=\"1\" style=\"padding-right: 5px\">\n            \n\n<div class=\"kksr-icon\" style=\"width: 24px; height: 24px;\"><\/div>\n        <\/div>\n            <div class=\"kksr-star\" data-star=\"2\" style=\"padding-right: 5px\">\n            \n\n<div class=\"kksr-icon\" style=\"width: 24px; height: 24px;\"><\/div>\n        <\/div>\n            <div class=\"kksr-star\" data-star=\"3\" style=\"padding-right: 5px\">\n            \n\n<div class=\"kksr-icon\" style=\"width: 24px; height: 24px;\"><\/div>\n        <\/div>\n            <div class=\"kksr-star\" data-star=\"4\" style=\"padding-right: 5px\">\n            \n\n<div class=\"kksr-icon\" style=\"width: 24px; height: 24px;\"><\/div>\n        <\/div>\n            <div class=\"kksr-star\" data-star=\"5\" style=\"padding-right: 5px\">\n            \n\n<div class=\"kksr-icon\" style=\"width: 24px; height: 24px;\"><\/div>\n        <\/div>\n    <\/div>\n    \n<div class=\"kksr-stars-active\" style=\"width: 142.5px;\">\n            <div class=\"kksr-star\" style=\"padding-right: 5px\">\n            \n\n<div class=\"kksr-icon\" style=\"width: 24px; height: 24px;\"><\/div>\n        <\/div>\n            <div class=\"kksr-star\" style=\"padding-right: 5px\">\n            \n\n<div class=\"kksr-icon\" style=\"width: 24px; height: 24px;\"><\/div>\n        <\/div>\n            <div class=\"kksr-star\" style=\"padding-right: 5px\">\n            \n\n<div class=\"kksr-icon\" style=\"width: 24px; height: 24px;\"><\/div>\n        <\/div>\n            <div class=\"kksr-star\" style=\"padding-right: 5px\">\n            \n\n<div class=\"kksr-icon\" style=\"width: 24px; height: 24px;\"><\/div>\n        <\/div>\n            <div class=\"kksr-star\" style=\"padding-right: 5px\">\n            \n\n<div class=\"kksr-icon\" style=\"width: 24px; height: 24px;\"><\/div>\n        <\/div>\n    <\/div>\n<\/div>\n                \n\n<div class=\"kksr-legend\" style=\"font-size: 19.2px;\">\n            5\/5 - (1 voto)    <\/div>\n    <\/div>\n","protected":false},"excerpt":{"rendered":"<p>La vida no era f\u00e1cil en un caser\u00edo vasco a mediados del siglo XIX, como se refleja en la pel\u00edcula Handia, del mismo equipo creativo de la aclamada Loreak. Esta pel\u00edcula se estrena hoy 20 de octubre. Entre muchos \u201cblockbusters\u201d, porque busca al p\u00fablico que le gustan las historias relativamente tranquilas, cotidianas y carente de <\/p>\n","protected":false},"author":4,"featured_media":1255,"comment_status":"open","ping_status":"closed","sticky":false,"template":"","format":"standard","meta":{"jetpack_post_was_ever_published":false,"_jetpack_newsletter_access":"","footnotes":"","jetpack_publicize_message":"","jetpack_is_tweetstorm":false,"jetpack_publicize_feature_enabled":true,"jetpack_social_post_already_shared":false,"jetpack_social_options":{"image_generator_settings":{"template":"highway","enabled":false}}},"categories":[2],"tags":[94],"jetpack_publicize_connections":[],"aioseo_notices":[],"jetpack_featured_media_url":"https:\/\/i0.wp.com\/beat4people.com\/wp-content\/uploads\/2017\/10\/imagen-del-film-2.jpg?fit=624%2C383&ssl=1","jetpack_sharing_enabled":true,"jetpack_likes_enabled":true,"jetpack-related-posts":[],"_links":{"self":[{"href":"https:\/\/beat4people.com\/index.php\/wp-json\/wp\/v2\/posts\/1240"}],"collection":[{"href":"https:\/\/beat4people.com\/index.php\/wp-json\/wp\/v2\/posts"}],"about":[{"href":"https:\/\/beat4people.com\/index.php\/wp-json\/wp\/v2\/types\/post"}],"author":[{"embeddable":true,"href":"https:\/\/beat4people.com\/index.php\/wp-json\/wp\/v2\/users\/4"}],"replies":[{"embeddable":true,"href":"https:\/\/beat4people.com\/index.php\/wp-json\/wp\/v2\/comments?post=1240"}],"version-history":[{"count":0,"href":"https:\/\/beat4people.com\/index.php\/wp-json\/wp\/v2\/posts\/1240\/revisions"}],"wp:featuredmedia":[{"embeddable":true,"href":"https:\/\/beat4people.com\/index.php\/wp-json\/wp\/v2\/media\/1255"}],"wp:attachment":[{"href":"https:\/\/beat4people.com\/index.php\/wp-json\/wp\/v2\/media?parent=1240"}],"wp:term":[{"taxonomy":"category","embeddable":true,"href":"https:\/\/beat4people.com\/index.php\/wp-json\/wp\/v2\/categories?post=1240"},{"taxonomy":"post_tag","embeddable":true,"href":"https:\/\/beat4people.com\/index.php\/wp-json\/wp\/v2\/tags?post=1240"}],"curies":[{"name":"wp","href":"https:\/\/api.w.org\/{rel}","templated":true}]}}