{"id":2136,"date":"2019-05-31T13:45:57","date_gmt":"2019-05-31T12:45:57","guid":{"rendered":"https:\/\/beat4people.com\/?p=2136"},"modified":"2019-05-31T13:45:57","modified_gmt":"2019-05-31T12:45:57","slug":"arte-de-vanguardia-con-profundo-y-tormentoso-mensaje","status":"publish","type":"post","link":"https:\/\/beat4people.com\/index.php\/2019\/05\/31\/arte-de-vanguardia-con-profundo-y-tormentoso-mensaje\/","title":{"rendered":"Arte de Vanguardia, con profundo y tormentoso mensaje"},"content":{"rendered":"<p style=\"text-align: justify;\"><a href=\"https:\/\/i0.wp.com\/beat4people.com\/wp-content\/uploads\/2019\/05\/poster-Klimt-y-Schiele.jpg?ssl=1\"><img data-attachment-id=\"2138\" data-permalink=\"https:\/\/beat4people.com\/index.php\/2019\/05\/31\/arte-de-vanguardia-con-profundo-y-tormentoso-mensaje\/poster-klimt-y-schiele\/\" data-orig-file=\"https:\/\/i0.wp.com\/beat4people.com\/wp-content\/uploads\/2019\/05\/poster-Klimt-y-Schiele.jpg?fit=500%2C706&amp;ssl=1\" data-orig-size=\"500,706\" data-comments-opened=\"1\" data-image-meta=\"{&quot;aperture&quot;:&quot;0&quot;,&quot;credit&quot;:&quot;&quot;,&quot;camera&quot;:&quot;&quot;,&quot;caption&quot;:&quot;&quot;,&quot;created_timestamp&quot;:&quot;0&quot;,&quot;copyright&quot;:&quot;&quot;,&quot;focal_length&quot;:&quot;0&quot;,&quot;iso&quot;:&quot;0&quot;,&quot;shutter_speed&quot;:&quot;0&quot;,&quot;title&quot;:&quot;&quot;,&quot;orientation&quot;:&quot;0&quot;}\" data-image-title=\"poster Klimt y Schiele\" data-image-description=\"\" data-image-caption=\"\" data-medium-file=\"https:\/\/i0.wp.com\/beat4people.com\/wp-content\/uploads\/2019\/05\/poster-Klimt-y-Schiele.jpg?fit=212%2C300&amp;ssl=1\" data-large-file=\"https:\/\/i0.wp.com\/beat4people.com\/wp-content\/uploads\/2019\/05\/poster-Klimt-y-Schiele.jpg?fit=500%2C706&amp;ssl=1\" decoding=\"async\" loading=\"lazy\" class=\"wp-image-2138 alignleft\" src=\"https:\/\/i0.wp.com\/beat4people.com\/wp-content\/uploads\/2019\/05\/poster-Klimt-y-Schiele.jpg?resize=372%2C525&#038;ssl=1\" alt=\"\" width=\"372\" height=\"525\" srcset=\"https:\/\/i0.wp.com\/beat4people.com\/wp-content\/uploads\/2019\/05\/poster-Klimt-y-Schiele.jpg?w=500&amp;ssl=1 500w, https:\/\/i0.wp.com\/beat4people.com\/wp-content\/uploads\/2019\/05\/poster-Klimt-y-Schiele.jpg?resize=212%2C300&amp;ssl=1 212w, https:\/\/i0.wp.com\/beat4people.com\/wp-content\/uploads\/2019\/05\/poster-Klimt-y-Schiele.jpg?resize=297%2C420&amp;ssl=1 297w\" sizes=\"(max-width: 372px) 100vw, 372px\" data-recalc-dims=\"1\" \/><\/a>Este t\u00edtulo puede resumir, aun a riesgo de simplificar en exceso, la nueva entrega de la serie <a href=\"http:\/\/www.temporadadearte.com\/\">Temporada de Arte<\/a> que nos trae <a href=\"http:\/\/www.acontracorrientefilms.com\/\">A Contracorriente Films<\/a>. Se trata esta vez de los artistas Klimt y Schiele. <em><a href=\"https:\/\/www.youtube.com\/watch?v=tMxQ0R9Shbg\">Klimt &amp; Schiele: Eros y Psique<\/a><\/em>, un t\u00edtulo ya de por s\u00ed muy sugerente que ha recaudado en Italia, estando tan solo tres d\u00edas en cartelera, m\u00e1s de 500.000 euros, lo que la coloc\u00f3 en el n\u00famero uno del box office.<\/p>\n<p style=\"text-align: justify;\">La obra, dirigida por Michele Mally y con la intervenci\u00f3n del actor Lorenzo Richelmy, (protagonista en la serie original de Netflix <em>Marco Polo<\/em>), es recomendable no solo a los amantes del arte, especialmente el vanguardista, sino a los historiadores, por el recorrido y la transformaci\u00f3n de Viena, la capital austriaca y de un imperio, el Austroh\u00fangaro desde finales del siglo XIX. Un imperio que empezaba a desmoronare, llevando al mundo, de forma desbocada, al periodo m\u00e1s oscuro jam\u00e1s visto hasta entonces, \u00a0y a los que se adentran en el apasionante mundo de la psicolog\u00eda humana. Un periodo tortuoso, que no deja de ser una advertencia de los peligros que nos siguen acechando actualmente, pero a la vez extraordinario para el arte, la literatura y la m\u00fasica, en el que circulan nuevas ideas, Freud descubre los impulsos de la psique y las mujeres comienzan a reclamar su independencia.<\/p>\n<p><script async=\"\" src=\"\/\/pagead2.googlesyndication.com\/pagead\/js\/adsbygoogle.js\"><\/script><br \/>\n<!-- beat4people --><br \/>\n<ins class=\"adsbygoogle\" style=\"display: block;\" hidden=\"\" data-ad-client=\"ca-pub-8868515966481988\" data-ad-slot=\"1426543536\" data-ad-format=\"auto\"><\/ins><br \/>\n<script><br \/>\n(adsbygoogle = window.adsbygoogle || []).push({});<br \/>\n<\/script><\/p>\n<p style=\"text-align: justify;\">Narrativamente converge, de tal manera que mantiene en todo momento la atenci\u00f3n del espectador, la primera persona con el estilo cl\u00e1sico del documental, mostr\u00e1ndonos los esc\u00e1ndalos, sue\u00f1os y obsesiones de la edad dorada de la capital austriaca a la vez que nos gu\u00eda por los pasillos de los museos Albertina, Belvedere, Leopold, Freud, el Museo de Historia del Arte de Viena y el Wien Museum, permitiendo que descubramos muy de cerca pero sin viajar, las obras maestras de los visionarios artistas Gustav Klimt y Egon Schiele.<\/p>\n<p style=\"text-align: justify;\">Una viaje por Klimt y la Viena de Schiele que se estren\u00f3 en Espa\u00f1a en la reciente edici\u00f3n del Festival Internacional de Cine de Barcelona-Sant Jordi (BCN FILM FEST), volviendo a <a href=\"https:\/\/www.temporadadearte.com\/\">m\u00e1s de cien pantallas<\/a> \u00fanicamente los d\u00edas 3, 4, 10 y 11 de junio.<\/p>\n<p style=\"text-align: justify;\"><a href=\"https:\/\/i0.wp.com\/beat4people.com\/wp-content\/uploads\/2019\/05\/Thumb-1-Klimt-y-Schiele.jpg?ssl=1\"><img data-attachment-id=\"2139\" data-permalink=\"https:\/\/beat4people.com\/index.php\/2019\/05\/31\/arte-de-vanguardia-con-profundo-y-tormentoso-mensaje\/thumb-1-klimt-y-schiele\/\" data-orig-file=\"https:\/\/i0.wp.com\/beat4people.com\/wp-content\/uploads\/2019\/05\/Thumb-1-Klimt-y-Schiele.jpg?fit=400%2C405&amp;ssl=1\" data-orig-size=\"400,405\" data-comments-opened=\"1\" data-image-meta=\"{&quot;aperture&quot;:&quot;0&quot;,&quot;credit&quot;:&quot;&quot;,&quot;camera&quot;:&quot;&quot;,&quot;caption&quot;:&quot;&quot;,&quot;created_timestamp&quot;:&quot;0&quot;,&quot;copyright&quot;:&quot;&quot;,&quot;focal_length&quot;:&quot;0&quot;,&quot;iso&quot;:&quot;0&quot;,&quot;shutter_speed&quot;:&quot;0&quot;,&quot;title&quot;:&quot;&quot;,&quot;orientation&quot;:&quot;0&quot;}\" data-image-title=\"Thumb 1 Klimt y Schiele\" data-image-description=\"\" data-image-caption=\"\" data-medium-file=\"https:\/\/i0.wp.com\/beat4people.com\/wp-content\/uploads\/2019\/05\/Thumb-1-Klimt-y-Schiele.jpg?fit=296%2C300&amp;ssl=1\" data-large-file=\"https:\/\/i0.wp.com\/beat4people.com\/wp-content\/uploads\/2019\/05\/Thumb-1-Klimt-y-Schiele.jpg?fit=400%2C405&amp;ssl=1\" decoding=\"async\" loading=\"lazy\" class=\"wp-image-2139 alignleft\" src=\"https:\/\/i0.wp.com\/beat4people.com\/wp-content\/uploads\/2019\/05\/Thumb-1-Klimt-y-Schiele.jpg?resize=268%2C273&#038;ssl=1\" alt=\"\" width=\"268\" height=\"273\" srcset=\"https:\/\/i0.wp.com\/beat4people.com\/wp-content\/uploads\/2019\/05\/Thumb-1-Klimt-y-Schiele.jpg?resize=296%2C300&amp;ssl=1 296w, https:\/\/i0.wp.com\/beat4people.com\/wp-content\/uploads\/2019\/05\/Thumb-1-Klimt-y-Schiele.jpg?resize=356%2C364&amp;ssl=1 356w\" sizes=\"(max-width: 268px) 100vw, 268px\" data-recalc-dims=\"1\" \/><\/a><\/p>\n<p style=\"text-align: justify;\">\n<p style=\"text-align: justify;\"><a href=\"https:\/\/i0.wp.com\/beat4people.com\/wp-content\/uploads\/2019\/05\/Thumb-2-Klimt-y-Schiele.jpg?ssl=1\"> <img data-attachment-id=\"2140\" data-permalink=\"https:\/\/beat4people.com\/index.php\/2019\/05\/31\/arte-de-vanguardia-con-profundo-y-tormentoso-mensaje\/thumb-2-klimt-y-schiele\/\" data-orig-file=\"https:\/\/i0.wp.com\/beat4people.com\/wp-content\/uploads\/2019\/05\/Thumb-2-Klimt-y-Schiele.jpg?fit=500%2C617&amp;ssl=1\" data-orig-size=\"500,617\" data-comments-opened=\"1\" data-image-meta=\"{&quot;aperture&quot;:&quot;0&quot;,&quot;credit&quot;:&quot;&quot;,&quot;camera&quot;:&quot;&quot;,&quot;caption&quot;:&quot;&quot;,&quot;created_timestamp&quot;:&quot;0&quot;,&quot;copyright&quot;:&quot;&quot;,&quot;focal_length&quot;:&quot;0&quot;,&quot;iso&quot;:&quot;0&quot;,&quot;shutter_speed&quot;:&quot;0&quot;,&quot;title&quot;:&quot;&quot;,&quot;orientation&quot;:&quot;0&quot;}\" data-image-title=\"Thumb 2 Klimt y Schiele\" data-image-description=\"\" data-image-caption=\"\" data-medium-file=\"https:\/\/i0.wp.com\/beat4people.com\/wp-content\/uploads\/2019\/05\/Thumb-2-Klimt-y-Schiele.jpg?fit=243%2C300&amp;ssl=1\" data-large-file=\"https:\/\/i0.wp.com\/beat4people.com\/wp-content\/uploads\/2019\/05\/Thumb-2-Klimt-y-Schiele.jpg?fit=500%2C617&amp;ssl=1\" decoding=\"async\" loading=\"lazy\" class=\"wp-image-2140 alignnone\" src=\"https:\/\/i0.wp.com\/beat4people.com\/wp-content\/uploads\/2019\/05\/Thumb-2-Klimt-y-Schiele.jpg?resize=288%2C354&#038;ssl=1\" alt=\"\" width=\"288\" height=\"354\" srcset=\"https:\/\/i0.wp.com\/beat4people.com\/wp-content\/uploads\/2019\/05\/Thumb-2-Klimt-y-Schiele.jpg?w=500&amp;ssl=1 500w, https:\/\/i0.wp.com\/beat4people.com\/wp-content\/uploads\/2019\/05\/Thumb-2-Klimt-y-Schiele.jpg?resize=243%2C300&amp;ssl=1 243w\" sizes=\"(max-width: 288px) 100vw, 288px\" data-recalc-dims=\"1\" \/><\/a><\/p>\n<p>&nbsp;<\/p>\n\n\n<div class=\"kk-star-ratings kksr-auto kksr-align-left kksr-valign-bottom\"\n    data-payload='{&quot;align&quot;:&quot;left&quot;,&quot;id&quot;:&quot;2136&quot;,&quot;slug&quot;:&quot;default&quot;,&quot;valign&quot;:&quot;bottom&quot;,&quot;ignore&quot;:&quot;&quot;,&quot;reference&quot;:&quot;auto&quot;,&quot;class&quot;:&quot;&quot;,&quot;count&quot;:&quot;0&quot;,&quot;legendonly&quot;:&quot;&quot;,&quot;readonly&quot;:&quot;&quot;,&quot;score&quot;:&quot;0&quot;,&quot;starsonly&quot;:&quot;&quot;,&quot;best&quot;:&quot;5&quot;,&quot;gap&quot;:&quot;5&quot;,&quot;greet&quot;:&quot;Rate this post&quot;,&quot;legend&quot;:&quot;0\\\/5 - (0 votos)&quot;,&quot;size&quot;:&quot;24&quot;,&quot;title&quot;:&quot;Arte de Vanguardia, con profundo y tormentoso mensaje&quot;,&quot;width&quot;:&quot;0&quot;,&quot;_legend&quot;:&quot;{score}\\\/{best} - ({count} {votes})&quot;,&quot;font_factor&quot;:&quot;1.25&quot;}'>\n            \n<div class=\"kksr-stars\">\n    \n<div class=\"kksr-stars-inactive\">\n            <div class=\"kksr-star\" data-star=\"1\" style=\"padding-right: 5px\">\n            \n\n<div class=\"kksr-icon\" style=\"width: 24px; height: 24px;\"><\/div>\n        <\/div>\n            <div class=\"kksr-star\" data-star=\"2\" style=\"padding-right: 5px\">\n            \n\n<div class=\"kksr-icon\" style=\"width: 24px; height: 24px;\"><\/div>\n        <\/div>\n            <div class=\"kksr-star\" data-star=\"3\" style=\"padding-right: 5px\">\n            \n\n<div class=\"kksr-icon\" style=\"width: 24px; height: 24px;\"><\/div>\n        <\/div>\n            <div class=\"kksr-star\" data-star=\"4\" style=\"padding-right: 5px\">\n            \n\n<div class=\"kksr-icon\" style=\"width: 24px; height: 24px;\"><\/div>\n        <\/div>\n            <div class=\"kksr-star\" data-star=\"5\" style=\"padding-right: 5px\">\n            \n\n<div class=\"kksr-icon\" style=\"width: 24px; height: 24px;\"><\/div>\n        <\/div>\n    <\/div>\n    \n<div class=\"kksr-stars-active\" style=\"width: 0px;\">\n            <div class=\"kksr-star\" style=\"padding-right: 5px\">\n            \n\n<div class=\"kksr-icon\" style=\"width: 24px; height: 24px;\"><\/div>\n        <\/div>\n            <div class=\"kksr-star\" style=\"padding-right: 5px\">\n            \n\n<div class=\"kksr-icon\" style=\"width: 24px; height: 24px;\"><\/div>\n        <\/div>\n            <div class=\"kksr-star\" style=\"padding-right: 5px\">\n            \n\n<div class=\"kksr-icon\" style=\"width: 24px; height: 24px;\"><\/div>\n        <\/div>\n            <div class=\"kksr-star\" style=\"padding-right: 5px\">\n            \n\n<div class=\"kksr-icon\" style=\"width: 24px; height: 24px;\"><\/div>\n        <\/div>\n            <div class=\"kksr-star\" style=\"padding-right: 5px\">\n            \n\n<div class=\"kksr-icon\" style=\"width: 24px; height: 24px;\"><\/div>\n        <\/div>\n    <\/div>\n<\/div>\n                \n\n<div class=\"kksr-legend\" style=\"font-size: 19.2px;\">\n            <span class=\"kksr-muted\">Rate this post<\/span>\n    <\/div>\n    <\/div>\n","protected":false},"excerpt":{"rendered":"<p>Este t\u00edtulo puede resumir, aun a riesgo de simplificar en exceso, la nueva entrega de la serie Temporada de Arte que nos trae A Contracorriente Films. Se trata esta vez de los artistas Klimt y Schiele. Klimt &amp; Schiele: Eros y Psique, un t\u00edtulo ya de por s\u00ed muy sugerente que ha recaudado en Italia, <\/p>\n","protected":false},"author":4,"featured_media":2137,"comment_status":"open","ping_status":"closed","sticky":false,"template":"","format":"standard","meta":{"jetpack_post_was_ever_published":false,"_jetpack_newsletter_access":"","footnotes":"","jetpack_publicize_message":"","jetpack_is_tweetstorm":false,"jetpack_publicize_feature_enabled":true,"jetpack_social_post_already_shared":true,"jetpack_social_options":{"image_generator_settings":{"template":"highway","enabled":false}}},"categories":[2],"tags":[94],"jetpack_publicize_connections":[],"aioseo_notices":[],"jetpack_featured_media_url":"https:\/\/i0.wp.com\/beat4people.com\/wp-content\/uploads\/2019\/05\/klimt-e-schiele-banner.jpg?fit=1280%2C720&ssl=1","jetpack_sharing_enabled":true,"jetpack_likes_enabled":true,"jetpack-related-posts":[],"_links":{"self":[{"href":"https:\/\/beat4people.com\/index.php\/wp-json\/wp\/v2\/posts\/2136"}],"collection":[{"href":"https:\/\/beat4people.com\/index.php\/wp-json\/wp\/v2\/posts"}],"about":[{"href":"https:\/\/beat4people.com\/index.php\/wp-json\/wp\/v2\/types\/post"}],"author":[{"embeddable":true,"href":"https:\/\/beat4people.com\/index.php\/wp-json\/wp\/v2\/users\/4"}],"replies":[{"embeddable":true,"href":"https:\/\/beat4people.com\/index.php\/wp-json\/wp\/v2\/comments?post=2136"}],"version-history":[{"count":1,"href":"https:\/\/beat4people.com\/index.php\/wp-json\/wp\/v2\/posts\/2136\/revisions"}],"predecessor-version":[{"id":2141,"href":"https:\/\/beat4people.com\/index.php\/wp-json\/wp\/v2\/posts\/2136\/revisions\/2141"}],"wp:featuredmedia":[{"embeddable":true,"href":"https:\/\/beat4people.com\/index.php\/wp-json\/wp\/v2\/media\/2137"}],"wp:attachment":[{"href":"https:\/\/beat4people.com\/index.php\/wp-json\/wp\/v2\/media?parent=2136"}],"wp:term":[{"taxonomy":"category","embeddable":true,"href":"https:\/\/beat4people.com\/index.php\/wp-json\/wp\/v2\/categories?post=2136"},{"taxonomy":"post_tag","embeddable":true,"href":"https:\/\/beat4people.com\/index.php\/wp-json\/wp\/v2\/tags?post=2136"}],"curies":[{"name":"wp","href":"https:\/\/api.w.org\/{rel}","templated":true}]}}