{"id":2510,"date":"2020-04-02T11:47:28","date_gmt":"2020-04-02T10:47:28","guid":{"rendered":"https:\/\/beat4people.com\/?p=2510"},"modified":"2020-04-02T11:47:28","modified_gmt":"2020-04-02T10:47:28","slug":"cine-en-casa","status":"publish","type":"post","link":"https:\/\/beat4people.com\/index.php\/2020\/04\/02\/cine-en-casa\/","title":{"rendered":"Cine en casa"},"content":{"rendered":"<p style=\"text-align: justify;\">Para los cin\u00e9filos, A Contracorriente Films, en colaboraci\u00f3n con las salas de cine y otros circuitos de exhibici\u00f3n que quieran adherirse, nos trae el cine a casa con la p\u00e1gina web <strong><a href=\"http:\/\/www.salavirtualdecine.com\">salavirtualdecine.com<\/a> <\/strong>y desde varias plataformas digitales. Al final del art\u00edculo os dejamos los distintos sitios on-line donde ver cada t\u00edtulo.<\/p>\n<p style=\"text-align: justify;\">Esta sala virtual abrir\u00e1 sus puertas, o se activar\u00e1, mejor dicho, el pr\u00f3ximo seis de abril con un documental muy propio de estas fechas, <em><a href=\"https:\/\/www.youtube.com\/watch?v=AyyXJY9lekI\">La Pasi\u00f3n en el Arte<\/a><\/em> (<em>Easter in Art<\/em>). Se trata de &lt;&lt;la nueva pel\u00edcula documental dirigida por\u00a0Phil Grabsky, director y productor de otros grandes t\u00edtulos como <em>Yo , Claude Monet<\/em>,\u00a0<em>Degas<\/em>. <em>Pasi\u00f3n por la perfecci\u00f3n<\/em> o <em>El joven Picasso<\/em>.\u00a0Producida por Exhibition on Screen, el filme\u00a0explora la Pascua como se muestra en el arte, desde la \u00e9poca de los primeros cristianos hasta la actualidad&gt;&gt;, explorando &lt;&lt;la ambici\u00f3n, el dolor, el sufrimiento y la gloria en este hist\u00f3rico hecho&gt;&gt;. \u00a0Es una gran &lt;&lt;cr\u00f3nica humana&gt;&gt; a trav\u00e9s del arte, en busca de preguntas y respuestas.<\/p>\n<p style=\"text-align: justify;\">La cartelera la completan, de momento, t\u00edtulos como <em><a href=\"https:\/\/youtu.be\/8aMHIkteKX4\">Vivarium<\/a><\/em> (8 de abril), <em><a href=\"https:\/\/www.youtube.com\/watch?v=ys8g1kJ7PDc\">La alegr\u00eda de las peque\u00f1as cosas,<\/a> <\/em>(10 de abril) y <em><a href=\"https:\/\/www.youtube.com\/watch?v=aksFyChi_M4\">Los profesores de Saint-Denis<\/a><\/em> (17 de abril).<\/p>\n<p>&nbsp;<\/p>\n<p><script async=\"\" src=\"\/\/pagead2.googlesyndication.com\/pagead\/js\/adsbygoogle.js\"><\/script><br \/>\n<!-- beat4people --><br \/>\n<ins class=\"adsbygoogle\" style=\"display: block;\" hidden=\"\" data-ad-client=\"ca-pub-8868515966481988\" data-ad-slot=\"1426543536\" data-ad-format=\"auto\"><\/ins><br \/>\n<script><br \/>\n(adsbygoogle = window.adsbygoogle || []).push({});<br \/>\n<\/script><\/p>\n<p style=\"text-align: justify;\"><a href=\"https:\/\/www.filmaffinity.com\/es\/film621762.html\"><em>Vivarium<\/em><\/a> es el segundo largometraje que dirige Lorcan Finnegan (<em>Without Name<\/em>). Con guion firmado por el propio director, la pel\u00edcula est\u00e1 protagonizada por el nominado al Oscar por <em>La red social<\/em>, Jesse Eisenberg (y protagonista en <em>Bienvenidos a Zombieland<\/em>), Imogen Poots (<em>Mejor otro d\u00eda<\/em>, <em>Green Room<\/em>) y Jonathan Aris (<em>Morgan<\/em>, y la serie de TV <em>Sherlock<\/em>).<\/p>\n<p style=\"text-align: justify;\">Se trata de un thriller laber\u00edntico y surrealista en el que una joven pareja se plantea la compra de su primer hogar. Para ello, visitan una inmobiliaria donde los recibe un extra\u00f1o agente de ventas, que les acompa\u00f1a a una nueva, misteriosa y peculiar urbanizaci\u00f3n para mostrarles una vivienda unifamiliar\u2026 \u00bflograr\u00e1n sobrevivir?<\/p>\n<p>&nbsp;<\/p>\n<p style=\"text-align: justify;\"><a href=\"https:\/\/www.filmaffinity.com\/es\/film346899.html\"><em>La alegr\u00eda de las peque\u00f1as cosas<\/em><\/a>, (<em>Momenti di trascurabile felicit\u00e0<\/em>) distribuida por el sello\u00a0 de <a href=\"http:\/\/www.sherlockfilms.com\/\">Sherlock Films,<\/a> y dirigida por Daniele Luchetti, (<em>Ma\u00f1ana suceder\u00e1<\/em>, <em>La voz de su amo<\/em>, <em>La nostra vita<\/em> y <em>Mi hermano es hijo \u00fanico<\/em>), est\u00e1 basada en las aclamadas novelas \u201cMomentos de inadvertida felicidad\u201d y \u201cMomentos de inadvertida infelicidad\u201d de Francesco Piccolo.<\/p>\n<p style=\"text-align: justify;\">Es una comedia rom\u00e1ntica, muy recomendable en los d\u00edas que corren, que nos hace reflexionar sobre los peque\u00f1os gestos y la actitud que de verdad importan para mantener viva una relaci\u00f3n de pareja y\/o familiar, frente a una posici\u00f3n egoc\u00e9ntrica y la inmediatez a la que por desgracia cada vez m\u00e1s estamos acostumbrados.<\/p>\n<p style=\"text-align: justify;\">Una comedia rom\u00e1ntica con toques m\u00e1gicos e inevitablemente algo de drama, que,\u00a0 record\u00e1ndonos a la genial <em>El cielo puede esperar<\/em> (<em>Heaven can wait<\/em>), nos hace sonre\u00edr mientras sabemos que, para el protagonista (el c\u00f3mico italiano Pierfrancesco Diliberto, conocido popularmente como Pif), le espera una inevitable entrada al Para\u00edso. A Pif le acompa\u00f1an la cantante Thony y al veterano actor Renato Carpentieri.<\/p>\n<p style=\"text-align: justify;\">Cierra la programaci\u00f3n, a la espera, confiemos, de nuevos t\u00edtulos, <a href=\"https:\/\/www.filmaffinity.com\/es\/film597376.html\"><em>Los profesores de Saint-Denis<\/em><\/a> (<em>La vie scolaire<\/em>), segunda pel\u00edcula escrita y dirigida por Medhi Idir y Grand Corps Malade tras <em>Patients<\/em>.<\/p>\n<p style=\"text-align: justify;\"><em>Los profesores de Saint-Denis<\/em> viene a Espa\u00f1a con una dif\u00edcilmente superable carta de presentaci\u00f3n. Fue la ganadora del premio Cin\u00e9filos del Futuro de la 16\u00aa edici\u00f3n del Festival de Sevilla que otorga el p\u00fablico joven del festival, con una puntuaci\u00f3n de 4,44 sobre 5, y en \u00a0Francia, la pel\u00edcula ha superado los 1,8 millones de espectadores.<\/p>\n<p style=\"text-align: justify;\">Basada en las propias vivencias de sus directores, est\u00e1 protagonizada por la ganadora de un C\u00e9sar a la Mejor Actriz Revelaci\u00f3n Zita Hanrot (<em>Fatima<\/em>) junto a Alban Ivanov (<em>C&#8217;est la vie!<\/em>, <em>El gran ba\u00f1o<\/em>), Moussa Mansal (<em>Colt 45<\/em>), Soufiane Guerrab (<em>Patients<\/em>) y el debutante Liam Pierron, entre otros. Este \u00faltimo fue uno de los nominados a Mejor actor revelaci\u00f3n en los Premios C\u00e9sar 2020 gracias a su interpretaci\u00f3n en el filme.<\/p>\n<p style=\"text-align: justify;\">Si a primera vista, pueda dar pereza ver esta pel\u00edcula por la multitud de t\u00edtulos semejantes, es muy necesaria porque vuelve a dar una aldabonazo sobre un tema no resuelto: la falta de motivaci\u00f3n por parte de profesores y alumnos. A parte del reconocimiento ya dicho, la historia encierra momentos especiales que nos ense\u00f1an c\u00f3mo, hasta en las situaciones m\u00e1s desesperadas, hay oportunidades para ver la luz. Para salir adelante.<\/p>\n<p style=\"text-align: justify;\">Esto es lo que intenta ense\u00f1ar Samia, cuando por motivos personales que le es dif\u00edcil transmitir a sus nuevos compa\u00f1eros, llega nueva a una de las escuelas m\u00e1s problem\u00e1ticas de los suburbios de Par\u00eds. Ah\u00ed descubrir\u00e1 los problemas de disciplina y la realidad social que pesa sobre el barrio, pero tambi\u00e9n la incre\u00edble vitalidad y humor tanto de los estudiantes como de sus compa\u00f1eros docentes.<\/p>\n<p style=\"text-align: justify;\">Aunque no todos le har\u00e1n su trabajo f\u00e1cil, y tendr\u00e1 que tomar medidas duras, nos da un ejemplo de como afrontar uno de los verdaderos problemas de la sociedad en pleno siglo XXI, sino el m\u00e1s importante, dado que la educaci\u00f3n es la base para una buena convivencia y el desarrollo social.<\/p>\n<p style=\"text-align: justify;\">\u00a0Sobre la <span style=\"text-decoration: underline;\"><em><strong>Sala Virtual de Cine<\/strong><\/em><\/span>:<\/p>\n<p style=\"text-align: justify;\"><strong>A Contracorriente Films<\/strong>,\u00a0en colaboraci\u00f3n con cuantas salas y circuitos de exhibici\u00f3n decidan adherirse a la iniciativa, pondr\u00e1 a disposici\u00f3n del espectador la plataforma <a href=\"http:\/\/www.salavirtualdecine.com\">www.salavirtualdecine.com<\/a> (apertura el pr\u00f3ximo 6 de abril de 2020), un espacio creado para que el p\u00fablico, desde sus dispositivos m\u00f3viles, Smart TV y de forma <em>online<\/em>, pueda ver los estrenos cinematogr\u00e1ficos programados para estrenarse en salas de cine convencional, cerradas temporalmente por tiempo indefinido.<\/p>\n<p style=\"text-align: justify;\">La plataforma pretende convertirse en una aut\u00e9ntica sala virtual del cine m\u00e1s reciente y se ha propuesto su participaci\u00f3n a las distintas salas, cadenas y circuitos de exhibici\u00f3n que operan en Espa\u00f1a.<\/p>\n<p style=\"text-align: justify;\">Los espectadores habituales de las salas de cine que se adhieran ser\u00e1n invitados a visionar en la plataforma las pel\u00edculas m\u00e1s actuales, al menos mientras los cines permanezcan cerrados. <strong>A Contracorriente Films<\/strong> negocia actualmente con todos los circuitos su posible adhesi\u00f3n a esta iniciativa.<\/p>\n<p style=\"text-align: justify;\">La plataforma contar\u00e1 con App propia para dispositivos Smart TV (LG, Samsung y Android TV para televisores Sony, Philips y de otras marcas), \u00a0IOS (con AirPlay), Android (con Chromecast) y AppleTV.\u00a0Los usuarios podr\u00e1n disfrutar de la pel\u00edcula alquilada, por 6,95 \u20ac durante 72 horas y hasta en 4 dispositivos.<\/p>\n<p style=\"text-align: justify;\">De esta forma, el espectador tendr\u00e1 la oportunidad de ver los pr\u00f3ximos estrenos cinematogr\u00e1ficos directamente desde sus televisores, ordenadores,\u00a0tablets\u00a0o tel\u00e9fonos m\u00f3viles\u00a0sin tener que salir de sus casas, dada la situaci\u00f3n de confinamiento recomendada en este momento por las autoridades de nuestro pa\u00eds, expertos sanitarios y la OMS.<\/p>\n<p style=\"text-align: justify;\">Por otro lado,\u00a0adem\u00e1s del estreno en la <strong>Sala virtual de cine<\/strong>, las pel\u00edculas se podr\u00e1n ver desde el mismo d\u00eda del estreno\u00a0a trav\u00e9s de las plataformas digitales. A continuaci\u00f3n os dejamos un resumen de d\u00f3nde se podr\u00e1 disfrutar cada obra.<\/p>\n<p style=\"text-align: justify;\"><strong>La Pasi\u00f3n en el Arte<\/strong> (6 de abril): Salavirtualdecine.com, Movistar+, Vodafone y Rakuten.tv.<\/p>\n<p style=\"text-align: justify;\"><strong>Vivarium<\/strong> (8 de abril): Salavirtualdecine.com, Movistar+, Vodafone y Rakuten.tv.<\/p>\n<p style=\"text-align: justify;\"><strong>La alegr\u00eda de las peque\u00f1as cosas<\/strong> (10 de abril): Salavirtualdecine.com, Movistar+, Vodafone y Rakuten.tv.<\/p>\n<p style=\"text-align: justify;\"><strong>Los profesores de Saint-Denis<\/strong> (17 de abril): Salavirtualdecine.com, Movistar+, Vodafone, Rakuten.tv, iTunes y Google Play.<\/p>\n<p>&nbsp;<\/p>\n<p style=\"text-align: justify;\">Me gustar\u00eda terminar este art\u00edculo agradeciendo a todo el equipo de <a href=\"http:\/\/www.acontracorrientefilms.com\/quienes-somos\/\">A Contracorriente Films<\/a> el esfuerzo que hacen por acercarnos la cultura, pese a todas las adversidades, y hacernos m\u00e1s llevadera la cuarentena siguiendo el fundamental lema #Qu\u00e9dateEnCasa para que, juntos, resistamos y ganemos a esta nueva pandemia.<\/p>\n<p><a href=\"https:\/\/twitter.com\/eduvicu\">@EduVicu<\/a><\/p>\n\n\n<div class=\"kk-star-ratings kksr-auto kksr-align-left kksr-valign-bottom\"\n    data-payload='{&quot;align&quot;:&quot;left&quot;,&quot;id&quot;:&quot;2510&quot;,&quot;slug&quot;:&quot;default&quot;,&quot;valign&quot;:&quot;bottom&quot;,&quot;ignore&quot;:&quot;&quot;,&quot;reference&quot;:&quot;auto&quot;,&quot;class&quot;:&quot;&quot;,&quot;count&quot;:&quot;0&quot;,&quot;legendonly&quot;:&quot;&quot;,&quot;readonly&quot;:&quot;&quot;,&quot;score&quot;:&quot;0&quot;,&quot;starsonly&quot;:&quot;&quot;,&quot;best&quot;:&quot;5&quot;,&quot;gap&quot;:&quot;5&quot;,&quot;greet&quot;:&quot;Rate this post&quot;,&quot;legend&quot;:&quot;0\\\/5 - (0 votos)&quot;,&quot;size&quot;:&quot;24&quot;,&quot;title&quot;:&quot;Cine en casa&quot;,&quot;width&quot;:&quot;0&quot;,&quot;_legend&quot;:&quot;{score}\\\/{best} - ({count} {votes})&quot;,&quot;font_factor&quot;:&quot;1.25&quot;}'>\n            \n<div class=\"kksr-stars\">\n    \n<div class=\"kksr-stars-inactive\">\n            <div class=\"kksr-star\" data-star=\"1\" style=\"padding-right: 5px\">\n            \n\n<div class=\"kksr-icon\" style=\"width: 24px; height: 24px;\"><\/div>\n        <\/div>\n            <div class=\"kksr-star\" data-star=\"2\" style=\"padding-right: 5px\">\n            \n\n<div class=\"kksr-icon\" style=\"width: 24px; height: 24px;\"><\/div>\n        <\/div>\n            <div class=\"kksr-star\" data-star=\"3\" style=\"padding-right: 5px\">\n            \n\n<div class=\"kksr-icon\" style=\"width: 24px; height: 24px;\"><\/div>\n        <\/div>\n            <div class=\"kksr-star\" data-star=\"4\" style=\"padding-right: 5px\">\n            \n\n<div class=\"kksr-icon\" style=\"width: 24px; height: 24px;\"><\/div>\n        <\/div>\n            <div class=\"kksr-star\" data-star=\"5\" style=\"padding-right: 5px\">\n            \n\n<div class=\"kksr-icon\" style=\"width: 24px; height: 24px;\"><\/div>\n        <\/div>\n    <\/div>\n    \n<div class=\"kksr-stars-active\" style=\"width: 0px;\">\n            <div class=\"kksr-star\" style=\"padding-right: 5px\">\n            \n\n<div class=\"kksr-icon\" style=\"width: 24px; height: 24px;\"><\/div>\n        <\/div>\n            <div class=\"kksr-star\" style=\"padding-right: 5px\">\n            \n\n<div class=\"kksr-icon\" style=\"width: 24px; height: 24px;\"><\/div>\n        <\/div>\n            <div class=\"kksr-star\" style=\"padding-right: 5px\">\n            \n\n<div class=\"kksr-icon\" style=\"width: 24px; height: 24px;\"><\/div>\n        <\/div>\n            <div class=\"kksr-star\" style=\"padding-right: 5px\">\n            \n\n<div class=\"kksr-icon\" style=\"width: 24px; height: 24px;\"><\/div>\n        <\/div>\n            <div class=\"kksr-star\" style=\"padding-right: 5px\">\n            \n\n<div class=\"kksr-icon\" style=\"width: 24px; height: 24px;\"><\/div>\n        <\/div>\n    <\/div>\n<\/div>\n                \n\n<div class=\"kksr-legend\" style=\"font-size: 19.2px;\">\n            <span class=\"kksr-muted\">Rate this post<\/span>\n    <\/div>\n    <\/div>\n","protected":false},"excerpt":{"rendered":"<p>Para los cin\u00e9filos, A Contracorriente Films, en colaboraci\u00f3n con las salas de cine y otros circuitos de exhibici\u00f3n que quieran adherirse, nos trae el cine a casa con la p\u00e1gina web salavirtualdecine.com y desde varias plataformas digitales. Al final del art\u00edculo os dejamos los distintos sitios on-line donde ver cada t\u00edtulo. Esta sala virtual abrir\u00e1 <\/p>\n","protected":false},"author":4,"featured_media":2514,"comment_status":"open","ping_status":"closed","sticky":false,"template":"","format":"standard","meta":{"jetpack_post_was_ever_published":false,"_jetpack_newsletter_access":"","footnotes":"","jetpack_publicize_message":"","jetpack_is_tweetstorm":false,"jetpack_publicize_feature_enabled":true,"jetpack_social_post_already_shared":true,"jetpack_social_options":{"image_generator_settings":{"template":"highway","enabled":false}}},"categories":[2],"tags":[94],"jetpack_publicize_connections":[],"aioseo_notices":[],"jetpack_featured_media_url":"https:\/\/i0.wp.com\/beat4people.com\/wp-content\/uploads\/2020\/03\/salavirtual-banner.jpg?fit=1280%2C720&ssl=1","jetpack_sharing_enabled":true,"jetpack_likes_enabled":true,"jetpack-related-posts":[],"_links":{"self":[{"href":"https:\/\/beat4people.com\/index.php\/wp-json\/wp\/v2\/posts\/2510"}],"collection":[{"href":"https:\/\/beat4people.com\/index.php\/wp-json\/wp\/v2\/posts"}],"about":[{"href":"https:\/\/beat4people.com\/index.php\/wp-json\/wp\/v2\/types\/post"}],"author":[{"embeddable":true,"href":"https:\/\/beat4people.com\/index.php\/wp-json\/wp\/v2\/users\/4"}],"replies":[{"embeddable":true,"href":"https:\/\/beat4people.com\/index.php\/wp-json\/wp\/v2\/comments?post=2510"}],"version-history":[{"count":2,"href":"https:\/\/beat4people.com\/index.php\/wp-json\/wp\/v2\/posts\/2510\/revisions"}],"predecessor-version":[{"id":2515,"href":"https:\/\/beat4people.com\/index.php\/wp-json\/wp\/v2\/posts\/2510\/revisions\/2515"}],"wp:featuredmedia":[{"embeddable":true,"href":"https:\/\/beat4people.com\/index.php\/wp-json\/wp\/v2\/media\/2514"}],"wp:attachment":[{"href":"https:\/\/beat4people.com\/index.php\/wp-json\/wp\/v2\/media?parent=2510"}],"wp:term":[{"taxonomy":"category","embeddable":true,"href":"https:\/\/beat4people.com\/index.php\/wp-json\/wp\/v2\/categories?post=2510"},{"taxonomy":"post_tag","embeddable":true,"href":"https:\/\/beat4people.com\/index.php\/wp-json\/wp\/v2\/tags?post=2510"}],"curies":[{"name":"wp","href":"https:\/\/api.w.org\/{rel}","templated":true}]}}