{"id":2587,"date":"2020-06-07T00:34:56","date_gmt":"2020-06-06T23:34:56","guid":{"rendered":"https:\/\/beat4people.com\/?p=2587"},"modified":"2020-06-12T00:31:35","modified_gmt":"2020-06-11T23:31:35","slug":"22a-ciber-edicion-del-festival-aleman-de-cine","status":"publish","type":"post","link":"https:\/\/beat4people.com\/index.php\/2020\/06\/07\/22a-ciber-edicion-del-festival-aleman-de-cine\/","title":{"rendered":"22\u00aa (Ciber) Edici\u00f3n del Festival Alem\u00e1n de Cine"},"content":{"rendered":"<p>2020.<\/p>\n<p style=\"text-align: justify;\">Verano raro, en cuarentena, o con movimientos reducidos seg\u00fan las fases de reapertura de cada zona.<\/p>\n<p>Tambi\u00e9n es rara, y limitada, la vig\u00e9simo segunda edici\u00f3n del <a href=\"http:\/\/cine-aleman.com\/\">Festival de Cine Alem\u00e1n<\/a>. Pero al menos puede celebrarse, gracias a <a href=\"https:\/\/www.filmin.es\/canal\/cine-aleman-2020\">Filmin<\/a>, uno de los colaboradores habituales.<\/p>\n<p style=\"text-align: justify;\">Una vez m\u00e1s, la alianza entre exhibidores y distribuidores con las plataformas digitales permite al p\u00fablico disfrutar del cine desde casa. Una simbiosis que ha venido no como \u201csoluci\u00f3n temporal\u201d sino para quedarse, por lo que las salas de cine tendr\u00e1n que buscar nuevas formas de atraer a los espectadores. Ya no solo vale decir que es una forma de socializar y ver con mucha gente una pel\u00edcula, aunque sin duda es uno de los puntos fuertes de ir al cine. La tecnolog\u00eda y comodidades varias deben jugar un cada vez m\u00e1s importante papel.<\/p>\n<p style=\"text-align: justify;\">Pero esa es otra historia. Ahora, como cada a\u00f1o, os voy a ir dejando las pel\u00edculas que vaya disfrutando sesi\u00f3n a sesi\u00f3n.<\/p>\n<p><strong><a href=\"https:\/\/www.taquilla.com\/cine?t10id=1360\" target=\"_blank\" rel=\"noopener noreferrer\"><img data-attachment-id=\"2542\" data-permalink=\"https:\/\/beat4people.com\/index.php\/2020\/04\/23\/recomendaciones-anti-desidia\/41e55662-73f1-435c-b9f2-8b87faee6aae\/\" data-orig-file=\"https:\/\/i0.wp.com\/beat4people.com\/wp-content\/uploads\/2020\/04\/41E55662-73F1-435C-B9F2-8B87FAEE6AAE.png?fit=300%2C250&amp;ssl=1\" data-orig-size=\"300,250\" data-comments-opened=\"1\" data-image-meta=\"{&quot;aperture&quot;:&quot;0&quot;,&quot;credit&quot;:&quot;&quot;,&quot;camera&quot;:&quot;&quot;,&quot;caption&quot;:&quot;&quot;,&quot;created_timestamp&quot;:&quot;0&quot;,&quot;copyright&quot;:&quot;&quot;,&quot;focal_length&quot;:&quot;0&quot;,&quot;iso&quot;:&quot;0&quot;,&quot;shutter_speed&quot;:&quot;0&quot;,&quot;title&quot;:&quot;&quot;,&quot;orientation&quot;:&quot;0&quot;}\" data-image-title=\"41E55662-73F1-435C-B9F2-8B87FAEE6AAE\" data-image-description=\"\" data-image-caption=\"\" data-medium-file=\"https:\/\/i0.wp.com\/beat4people.com\/wp-content\/uploads\/2020\/04\/41E55662-73F1-435C-B9F2-8B87FAEE6AAE.png?fit=300%2C250&amp;ssl=1\" data-large-file=\"https:\/\/i0.wp.com\/beat4people.com\/wp-content\/uploads\/2020\/04\/41E55662-73F1-435C-B9F2-8B87FAEE6AAE.png?fit=300%2C250&amp;ssl=1\" decoding=\"async\" loading=\"lazy\" class=\"alignnone wp-image-2542 size-full aligncenter\" src=\"https:\/\/i0.wp.com\/beat4people.com\/wp-content\/uploads\/2020\/04\/41E55662-73F1-435C-B9F2-8B87FAEE6AAE.png?resize=300%2C250&#038;ssl=1\" alt=\"\" width=\"300\" height=\"250\" data-recalc-dims=\"1\" \/><\/a><br \/>\n<\/strong><\/p>\n<p style=\"text-align: justify;\"><strong>06\/06\/2020<\/strong><\/p>\n<p style=\"text-align: justify;\"><em><u>Mi final. Tu comienzo <\/u><\/em><u>(<em>Mein Ende. Dein Anfang<\/em>)<\/u><\/p>\n<p style=\"text-align: justify;\">Disponible tambi\u00e9n en Filmin el 9 de junio 2020.<\/p>\n<p style=\"text-align: justify;\">Mariko Minoguchi debuta como directora con un interesante ejercicio narrativo que combina dos dram\u00e1ticas historias de amor, tiernas pero duras, bordeando la ciencia ficci\u00f3n espacio-temporal.<\/p>\n<p style=\"text-align: justify;\"><em><a href=\"https:\/\/www.filmin.es\/pelicula\/mi-final-tu-comienzo\">Mi final. Tu comienzo<\/a><\/em>, escrita por la propia Mariko Minoguchi, va desgranando, mediante recuerdos, la intensa relaci\u00f3n de Aron y Nora, predestinados a estar juntos de no ser por la muerte de Aron en el atraco a un banco. As\u00ed se cierra el c\u00edrculo de sus nombres, una buena met\u00e1fora para las en ocasiones extra\u00f1as y aparentemente fortuitas conexiones entre dos personas.<\/p>\n<p style=\"text-align: justify;\">Para Aron, un f\u00edsico te\u00f3rico, todo tiene una causa y las casualidades no existen, sino que se deben a la \u201cfalta de informaci\u00f3n\u201d. Este concepto marcar\u00e1 la historia de Nora, ya que el final de Aron, provocado por una reacci\u00f3n en cadena de Nora, es el inicio de otra vida para ella. Una vida donde el tiempo se ha detenido, o quiz\u00e1 no.<\/p>\n<p style=\"text-align: justify;\">Mariko Minoguchi ha hecho de <em><a href=\"https:\/\/www.imdb.com\/title\/tt6586090\/\">Mi final. Tu comienzo<\/a> <\/em>una buena primera pel\u00edcula, con un ritmo \u00e1gil que, pese a la dureza del drama, atrapa desde el principio. Sin duda habr\u00e1 que seguir su progresi\u00f3n.<\/p>\n<p style=\"text-align: justify;\"><script async=\"\" src=\"\/\/pagead2.googlesyndication.com\/pagead\/js\/adsbygoogle.js\"><\/script><br \/>\n<!-- beat4people --><br \/>\n<ins class=\"adsbygoogle\" style=\"display: block;\" hidden=\"\" data-ad-client=\"ca-pub-8868515966481988\" data-ad-slot=\"1426543536\" data-ad-format=\"auto\"><\/ins><br \/>\n<script><br \/>\n(adsbygoogle = window.adsbygoogle || []).push({});<br \/>\n<\/script><\/p>\n<p><strong>07\/06\/2020<\/strong><\/p>\n<p style=\"text-align: justify;\"><span style=\"text-decoration: underline;\"><em>Coup<\/em><\/span><\/p>\n<p>Disponible tambi\u00e9n en Filmin el 9 de junio 2020.<\/p>\n<p style=\"text-align: justify;\">Siendo su primera pel\u00edcula, Sven O. Hill mantiene en <a href=\"http:\/\/cine-aleman.com\/portfolio\/coup\/\"><em>Coup<\/em> <\/a>el estilo documental en el que se especializ\u00f3 tras graduarse en el 2004 de la Hamburg Media School. Es lo que hace interesante esta historia (real) de c\u00f3mo un trabajador de banco y miembro de un club motero, Daniel Michel, decide cometer en 1988 un fraude bancario para hacerse con una fortuna y guardarla en Luxemburgo.<\/p>\n<p style=\"text-align: justify;\">Intercalando alguna secuencia animada y fragmentos de una supuesta entrevista, el protagonista, un irredento rockero ansioso de vivir sin ataduras, va narrando c\u00f3mo \u00e9l y uno de sus compa\u00f1eros en el club deciden cometer el fraude y escapar a Australia. Sin embargo, la negativa de Paula Kalenberg, interpretando a la pareja del protagonista con quien tiene un hijo, de irse de Alemania les cambia los planes. Sinti\u00e9ndose solos, pese a tener suficiente dinero para vivir a un elevado nivel de vida y con la seguridad de que no les pueden atrapar, deciden organizarlo todo para evitar la c\u00e1rcel.<\/p>\n<p style=\"text-align: justify;\">Un thriller financiero que, sin tener un ritmo trepidante o el look elegante y a la vez oscuro de este tipo de pel\u00edculas, merece la pena ver. Tanto por la peculiar narrativa como por la moraleja que uno puede sacar tras ver <em>Coup<\/em>. Aseg\u00farate con quien quieres dar cada paso en la vida y si merece la pena dejar atr\u00e1s un importante logro por alguien.<\/p>\n<p>&nbsp;<\/p>\n<p><strong>08\/06\/2020<\/strong><\/p>\n<p><span style=\"text-decoration: underline;\"><em>Alfons Mofletines. Cuenta atr\u00e1s para el caos. (Alfons Zitterbacke \u2013 Das chaos ist zur\u00fcck).<\/em><\/span><\/p>\n<p style=\"text-align: justify;\">La primera <a href=\"http:\/\/cine-aleman.com\/portfolio\/alfonso-mofletines-cuenta-atras-para-el-caos\/\">pel\u00edcula<\/a> infantil de esta 22\u00aa edici\u00f3n no ha defraudado. Divertida, algo gamberra y con la importante moraleja de que con un buen equipo, y unos padres que saben c\u00f3mo apoyar y motivar a sus hijos, pese a lo desastre, ca\u00f3ticos o extremadamente imaginativos que puedan ser, todo se puede lograr.<\/p>\n<p style=\"text-align: justify;\">En el caso de Alfons, cumple perfectamente los tres adjetivos, pero no por ello deja de ser un genio que, contra viento y marea, busca alcanzar su sue\u00f1o: ser astronauta en la ISS. Bueno, ese y ligar con Emilia, la chica nueva de clase, que adem\u00e1s es su vecina. Ella y Benni, el mejor amigo de Alfons (por no decir su \u00fanico amigo) formar\u00e1n junto a \u00e9ste un gran equipo para ganar un importante concurso que les permitir\u00e1 un viaje a la Agencia Espacial Europea. Para ello tendr\u00e1n que fabricar el mejor objeto volador, y competir contra el presumido y mat\u00f3n de la clase, apoyado por su rico y tramposo abuelo, y un profesor que no puede tener m\u00e1s man\u00eda a Alfons.<\/p>\n<p style=\"text-align: justify;\">Cuando peor est\u00e1 todo para el joven so\u00f1ador, tanto que llega a quitar de su cuarto todos los posters y maquetas de naves, sus padres reaccionan y logran devolverle la ilusi\u00f3n, defendiendo a Alfons cuando se juega la expulsi\u00f3n del colegio y ayud\u00e1ndole a recobrar su empe\u00f1o y su autoestima.<\/p>\n<p style=\"text-align: justify;\">Esperemos que esta sencilla, m\u00e1gica, ilusionante, esperanzadora y bien llevada primera pel\u00edcula para el p\u00fablico infantil de un experimentado (en la gran y peque\u00f1a pantalla) Mark Schlichter, coguionista de la misma junto a Anja Flade-Kruse y John Chambers, pueda verse m\u00e1s adelante en nuestro pa\u00eds, (y tenga amplio recorrido en las plataformas de streaming).<\/p>\n<p style=\"text-align: justify;\"><span style=\"text-decoration: underline;\"><em>El espacio entre las l\u00edneas (Gut gegen nordwind).<\/em><\/span><\/p>\n<p style=\"text-align: justify;\">Esta comedia rom\u00e1ntica, adaptaci\u00f3n del best-seller internacional de Daniel Glattauer nos narra, con un cierto aura de las buenas comedias francesas, el enigm\u00e1tico y an\u00f3nimo romance entre Emmi (Nora Tschirner) y Leo (Alexander Fehling), cada uno con su respectiva trama de un romance, fracasado pero imposible de olvidar en el caso de Leo; complicado en el de Emmi.<\/p>\n<p style=\"text-align: justify;\">Con una buena puesta en escena y un ritmo agitado a veces, pausado otras, la triunfadora (y multifac\u00e9tica, ya que en su curr\u00edculum se incluyen obras de cine, para televisi\u00f3n y teatro) Vanessa Jopp logra atraparnos hasta el final, manteni\u00e9ndonos en vilo, para tratar de descubrir si los dos amantes por correo electr\u00f3nico, a trav\u00e9s del cual se van contando confidencias y anhelos, lograr\u00e1n encontrarse y, de hacerlo, mantener vivo el amor surgido cunado Emmi, por error, manda la solicitud de baja a una revista a un desconocido con una direcci\u00f3n de correo electr\u00f3nico similar a la de dicha publicaci\u00f3n.<\/p>\n<p style=\"text-align: justify;\"><a href=\"http:\/\/cine-aleman.com\/portfolio\/el-espacio-entre-las-lineas\/\"><em>El espacio entre las l\u00edneas<\/em><\/a> parte de\u00a0 un enredo que f\u00e1cilmente pod\u00eda caer en lo banal pero, lejos de hacerlo, se convierte en una intensa y conmovedora historia de amor, cada vez menos an\u00f3nimo, entre dos desconocidos.<\/p>\n<p>&nbsp;<\/p>\n<p><strong>10\/06\/2020<\/strong><\/p>\n<p>&nbsp;<\/p>\n<p><em><span style=\"text-decoration: underline;\">Rostros donde perderser (Lost in face).<\/span><\/em><\/p>\n<p style=\"text-align: justify;\">Este original <a href=\"http:\/\/cine-aleman.com\/portfolio\/rostros-donde-perderse\/\">documental<\/a>, dirigido por el neurocient\u00edfico Valentin Riedl, busca descubrir la percepci\u00f3n que Carlotta tiene del mundo. Carlotta es una de las pocas personas (una de cada cien) que padecen el s\u00edndrome de prosopagnosia, impidi\u00e9ndoles reconocer rostros, incluidos los conocidos o los suyos propios.<\/p>\n<p style=\"text-align: justify;\">Valentin Riedl conforma un interesante relato uniendo una entrevista a Carlotta; sus vivencias en el d\u00eda a d\u00eda, puntualmente desenfocadas, y fragmentos de dibujos animados con un estilo entre el cubismo de Picasso y el surrealismo algo oscuro de Bu\u00f1uel. Para reforzar esta fragmentada, angustiosa y an\u00f3mala visi\u00f3n, Riedl sobrepone a las secuencias animadas la banda sonora de una fogata cuyas llamas consumen todo lo que tocan.<\/p>\n<p style=\"text-align: justify;\">Valentin Riedl nos muestra tambi\u00e9n algunas de las pruebas m\u00e9dicas, neurocient\u00edficas a las que se somete peri\u00f3dicamente Carlotta, y los esc\u00e1neres cerebrales obtenidos, como prueba testimonial de los avances que, poco a poco, se van dando. Quiz\u00e1 demasiado poco a poco.<\/p>\n<p style=\"text-align: justify;\">El documental est\u00e1 acertadamente filmado en un contraste entre tonos oscuros y la luz natural de la granja donde ella trabaja; de Carlotta junto a Mario, su caballo o en el peque\u00f1o velero que tuvo por tres a\u00f1os.<\/p>\n<p style=\"text-align: justify;\">Los tonos oscuros aparecen en la oscuridad del taller donde Carlotta pinta sus cuadros, a la luz de las velas. Tan a oscuras trabaja que nos confiesa que siempre es una sorpresa ver el resultado final verlos a plena luz de d\u00eda, cuando los cuelga en una galer\u00eda para exponerlos. Y es que, a pesar de que Carlotta no puede ver rostros, tiene el don de la pintura.<\/p>\n<p style=\"text-align: justify;\">En sus cuadros se obsesiona con los rostros, los que deforma. Otra vez el toque cubista. Siempre ha buscado la cara, pero nunca ha podido ver una. Ni en el espejo, ni en una fotograf\u00eda. Ni delante de ella para luego dibujarla. Desaparece inmediatamente. Es algo que se esfuerza por explicar a la gente. Por ejemplo, a quienes se acercan a ver sus cuadros expuestos.<\/p>\n<p style=\"text-align: justify;\">Una de las soluciones que se le ocurri\u00f3 fue palparse con una mano su cara y, con la otra, dibujar lo que \u201cve\u201d. O siente, mejor dicho.<\/p>\n<p style=\"text-align: justify;\">El momento quiz\u00e1 m\u00e1s reflexivo del documental es cuando nos habla de su infancia. Lo que m\u00e1s ansiaba era que la dejaran tranquila, sin hacerla sentir diferente por ser incapaz de reconocer a sus profesores ni compa\u00f1eros de clase.<\/p>\n<p style=\"text-align: justify;\">Continuamente se imaginaba cavando profundas madrigueras donde vivir, met\u00e1fora quiz\u00e1 de alguien organizado, con t\u00faneles que las conectaban: una para dormir, otra para provisiones, otra para libros. Sobre todo, libros, recalca. Libros de lugares lejanos como el Congo o el Amazonas, fueron una importante ruta de escape (como para tantas otras personas). So\u00f1aba con vivir en esos lugares, as\u00ed la gente no sabr\u00eda qu\u00e9 le pasaba.<\/p>\n<p style=\"text-align: justify;\">Sue\u00f1os en los que ella no giraba con el mundo.<\/p>\n<p style=\"text-align: justify;\">Como dato interesante, para reconocer, o tratar de hacerlo, Carlotta, al igual que las personas invidentes, se fija en el \u201cpaisaje sonoro\u201d de cada persona. Sus andares, su forma de respirar, si se aclara la garganta o tose, etc. Al propio Valentin le dice que sus andares son desiguales, m\u00e1s que los de otras personas, por lo que le recordar\u00eda \u201caunque pasaran cien a\u00f1os\u201d.<\/p>\n<p style=\"text-align: justify;\">Adem\u00e1s de la lectura y la pintura, a Carlotta le gusta grabarse el d\u00eda a d\u00eda, (con Mario, rastrillando el jard\u00edn, lavando la ropa, jugando con periquitos\u2026). Empez\u00f3 a hacerlo despu\u00e9s de trabajar en muy diferentes ocupaciones: cuidadora de caballos, conductora de una hormigonera, y proyeccionista de un cine. Trabajos, muy importante para ella, donde apenas tuviera contacto con gente. Ah\u00ed, en el cine, se hizo as\u00ed misma una reflexi\u00f3n importante: por qu\u00e9 se hacen tantas pel\u00edculas sobre personas. A ella le gustan mucho las de ciencia ficci\u00f3n, con extraterrestres o personajes como Darth Vader, con la careta, a los que puede recordar sin problemas, siguiendo bastante mejor la trama.<\/p>\n<p style=\"text-align: justify;\">En definitiva, este es un documental que no solo da voz a los que sufren de prosopagnosia, y por a\u00f1adidura a tantos otros s\u00edndromes tanto o m\u00e1s extra\u00f1os que suponen todo un reto a los que lo padecen para aferrarse a la vida.<\/p>\n<p style=\"text-align: justify;\">Tambi\u00e9n trata de la soledad a la que, por unas u otras causas, se ven abocadas demasiadas personas. Para Carlota, en el colegio, el traslado de su amiga a Australia y la muerte de Mario, su caballo, son tres momentos clave donde se agudiza su aislamiento social. Es de agradecer que eventos como este festival, que ya se puede considerar de culto entre los amantes del s\u00e9ptimo arte, den un espacio para visibilizar estas \u201cenfermedades raras\u201d de las que apenas se habla en medios de comunicaci\u00f3n.<\/p>\n<p>&nbsp;<\/p>\n<p style=\"text-align: justify;\"><span style=\"text-decoration: underline;\"><em>Next Generation Short Tiger 2019<\/em><\/span><\/p>\n<p style=\"text-align: justify;\">La selecci\u00f3n de cortometrajes, el trabajo de futuras promesas de este arte, es in duda uno de los grandes alicientes para ir cada a\u00f1o, en los albores del verano, a las pantallas del Festival de Cine Alem\u00e1n. Una gran variedad de trabajos en distintos g\u00e9neros (sobre todo drama y comedia) y estilos (animaci\u00f3n, stop-motion o con actores reales -algunos incluso se atreven con una combinaci\u00f3n t\u00e9cnicas) nos traen una sesi\u00f3n para pausar nuestras vidas, re\u00edrnos y meditar con una sucesi\u00f3n de historias como si de una catarata visual se tratara.<\/p>\n<p style=\"text-align: justify;\">Una catarata en la que es dificil con qu\u00e9 gota de agua quedarse, o elegir tres de ellas. Ojal\u00e1 se puedan disfrutar, como siempre se\u00f1alo, en Filmin una vez pasado el festival y dem\u00e1s circuitos de explotaci\u00f3n&#8230; O que llegaran a los cines de nuestro pa\u00eds como ante sala a los largometrajes, (adem\u00e1s de los cortometrajes que hacen en otros pa\u00edses, y no solo de Europa).<\/p>\n<p>&nbsp;<\/p>\n<p><span style=\"text-decoration: underline;\"><em>Un pa\u00eds libre (Free Country).<\/em><\/span><\/p>\n<p style=\"text-align: justify;\">Christian Alvart, director y coguionista de este <a href=\"http:\/\/cine-aleman.com\/portfolio\/un-pais-libre\/\">filme<\/a> junto a Siegfried Kamml, traslada la acci\u00f3n, el thriller, de <a href=\"https:\/\/www.filmaffinity.com\/es\/film575568.html\"><em>La isla m\u00ednima<\/em><\/a> (Alberto Rodr\u00edguez, 2014) de las orillas del Guadalquivir (sur de Espa\u00f1a) a un remoto lugar en Alemania, situando la acci\u00f3n en 1992, los primeros compases de la Alemania reunificada tras la hist\u00f3rica ca\u00edda del muro en 1989. Un trasfondo interesante para un remake que, muy dignamente elaborado y con dos interpretaciones muy solventes (Trystan P\u00fctter y Felix Kramer), no deja de ser un (buen) calco casi sim\u00e9trico a la versi\u00f3n espa\u00f1ola.<\/p>\n<p>Por si en un futuro llega a nuestras fronteras, como espero, no voy a decir nada m\u00e1s para evitar destripar, nunca mejor dicho en este caso, detalles importantes.<\/p>\n<p>&nbsp;<\/p>\n<p style=\"text-align: justify;\"><strong>11\/06\/2020<\/strong><\/p>\n<p style=\"text-align: justify;\"><em><span style=\"text-decoration: underline;\">El arte lo dices seg\u00fan te sale decirlo (Kunst kommt aus dem schnabel wie er gewachsen ist).<\/span><\/em><\/p>\n<p style=\"text-align: justify;\">El ultimo d\u00eda del festival lo cierran tres producciones relevantes. El t\u00edtulo arriba mencionado se trata de un <a href=\"http:\/\/cine-aleman.com\/portfolio\/el-arte-lo-dices-segun-te-sale-decirlo\/\">documental<\/a> sobre un taller de arte para discapacitados, pero muy talentosos. Con una gran y peculiar visi\u00f3n del Arte.<\/p>\n<p style=\"text-align: justify;\">La directora Sabine Herpich, miembro del colectivo cinematogr\u00e1fico FSK y la Distribuidora Berlinesa Peripher con estudios en filosof\u00eda, literatura alemana moderna y sociolog\u00eda, ha querido mostrarnos el proceso de creaci\u00f3n como no lo hab\u00edamos visto antes. Manteniendo el foco en las obras de arte antes que en las discapacidades de sus creadores. Unos \u00abhablan\u00bb a trav\u00e9s de sus obras de la vida y la muerte, otros pintan ciudades y paisajes. Otros interpretan obras de afamados pintores o retratos de personajes hist\u00f3ricos a su manera&#8230; Muchos terminan exponiendo en galer\u00edas, mientras otros hacen manualidades o cestas que se pueden reproducir luego en serie. As\u00ed se ganan un dinero para seguir manteniendo este peculiar taller, con todas las necesidades, entre materiales y cuidadores, que necesitan.<\/p>\n<p style=\"text-align: justify;\">La intenci\u00f3n de Sabine Herpich es la de \u00bb forzarnos a mirar las obras desde una perspectiva asociada a las ideas y los pensamientos que hay detr\u00e1s de su creaci\u00f3n, pues son los propios artistas quienes revelan sus m\u00e9todos de trabajo\u00bb.<\/p>\n<p style=\"text-align: justify;\">No cabe duda que Herpich, a trav\u00e9s de la c\u00e1mara, ayuda y expande la misi\u00f3n de los organizadores de esta peculiar escuela-taller: sensibilizar a la gente sobre la grandeza de sus artistas, organizando conferencias y exposiciones, o visitas guiadas (incluyendo a ni\u00f1os) al mism\u00edsimo lugar de trabajo y explicando todo el proceso.<\/p>\n<p style=\"text-align: justify;\">Como toda escuela, la disciplina es una parte importante del aprendizaje, por lo que, adem\u00e1s de crear, cada uno tiene una serie de tareas asignadas a trav\u00e9s de un calendario rotatorio, ganado puntos seg\u00fan las van cumpliendo.<\/p>\n<p style=\"text-align: justify;\">Un excepcional documental que sirve de potente herramienta educativa tanto para humanidades (sobre todo las relacionadas con el arte) como para las facultades de magisterio (especialmente las que se dedican a formar personas para atender a este colectivo) y sociolog\u00eda.<\/p>\n<p style=\"text-align: justify;\">Cierra esta cr\u00f3nica casi diaria dos producciones dirigidas al p\u00fablico que, en mi opini\u00f3n, menos representaci\u00f3n tienen en los \u00faltimos a\u00f1os: adolescentes. Porque si infantiles, sobre todo en verano y navidades, o ya adultos, hay a lo largo de todo el a\u00f1o, las pel\u00edculas claramente dirigidas a los adolescentes, aproximadamente entre los nueve y los diecisiete a\u00f1os, hay relativamente poco. Con protagonistas de estos a\u00f1os, que reflejen de alguna manera sus problemas, sue\u00f1os, aventuras imaginadas&#8230; Esto es algo que, a mi parecer, el cine de otros pa\u00edses deber\u00eda imitar del cine germano.<\/p>\n<p>&nbsp;<\/p>\n<p style=\"text-align: justify;\">Para adolescentes propiamente hablando, <a href=\"http:\/\/cine-aleman.com\/portfolio\/nada-mas-perfecto\/\"><em>Nada m\u00e1s perfecto (Nothing more perfect)<\/em><\/a>. Y para el infantil, o pre adolescencia, dir\u00eda yo, <a href=\"http:\/\/cine-aleman.com\/portfolio\/tkkg\/\"><em>TKKG<\/em><\/a>.<\/p>\n<p style=\"text-align: justify;\"><em>Nada m\u00e1s perfecto<\/em> empieza, o se centra, en los problemas a los que se enfrentan los adolescentes, agudizados por las redes sociales. Sobre todo el sentirse o no integrados, amados, bien con sigo mismos.<\/p>\n<p style=\"text-align: justify;\">La historia arranca con la b\u00fasqueda de Maya, (Lilia Herrmann, una joven promesa ante las c\u00e1maras) a sus diecis\u00e9is a\u00f1os, la manera visualmente po\u00e9tica de suicidarse en las redes, por lo que decide intentarlo en el viaje familiar, con la intenci\u00f3n de sus padres de reconciliarse, que hace a Praga. \u00abLa muerte por verg\u00fcenza\u00bb, (death-lover.com) tan sugerente como terrible sitio, es lo que hace que Maya termine\u00a0 encerr\u00e1ndose en el ba\u00f1o de un karaoke, la primera noche que pasa en Praga con sus padres, poco antes de conocer a un joven dealer y estudiante de medicina (obligado por sus padres, otro punto interesante) que dar\u00e1 un giro a su vida. Lo hace haciendo ver a Maya que, en su caso, la vida es un juego y que tienen que relajarse y jugar bien, por la cantidad de gente, como los que viven en los slums de la India, que no pueden.<\/p>\n<p>En un constante contraste, como la vida misma, entre la felicidad y la tristeza o angustia, e intercalando fragmentos grabados en vertical, \u00abformato Instagram\u00bb, con el habitual para el resto de pantallas, la debutante Teresa Hoerl, quien tambi\u00e9n ha cursado estudios en Psicolog\u00eda, nos brinda un buen punto de partida para un debate entre y sobre adolescentes. Quiz\u00e1 sea cierto que se ha hablado mucho de los adolescentes y las redes sociales, pero siempre es bueno recordarlo, de la misma manera que siempre se advierte sobre el peligro de las drogas o se sensibiliza sobre la extrema precauci\u00f3n que hay que tener al volante.<\/p>\n<p>Solo vivo uno puede cambiar las cosas. Vida solo hay una. Carpe diem, pero con cabeza.<\/p>\n<p style=\"text-align: justify;\">Reservo el cierre para <em>TKKG<\/em>, la otra pel\u00edcula infantil junto a <em>Alfons Mofletines<\/em>. Se trata de la precuela a la saga literaria de la banda caza criminales m\u00e1s conocida en Alemania, formada por el intr\u00e9pido y aspirante a ingeniero Tim; Willie (alias \u00abKloschen\u00bb -alb\u00f3ndiga-, el hijo de un poderoso magnate; Karl, el experto en tecnolog\u00eda y Gaby, la hija de un inspector con mucho olfato. Tim y Kloschen son los primeros en conocerse el primer d\u00eda en el internado en el que, por distintas razones, son becados. Al principio parecen no congeniar en absoluto, pero tras el secuestro del padre de Kloschen es secuestrado, se ver\u00e1n en vueltos en una peligrosa aventura que les unir\u00e1 para siempre a Karl y a Gaby. As\u00ed nace el equipo TKKG (sus iniciales). A un servidor le dan ganas de indagar m\u00e1s acerca de este simp\u00e1tico\u00a0 y heroico grupo que no duda en saltarse las normas en su lucha contra el crimen. En este caso, el fin justifica los medios&#8230; Los ni\u00f1os, una vez m\u00e1s, demuestran que son capaces de mucho m\u00e1s de lo que pensamos. Sobre todo si est\u00e1n unidos.<\/p>\n<p style=\"text-align: justify;\">Con mucho humor y una buena dosis de lealtad, una vez m\u00e1s los alemanes demuestran el buen hacer de cara a esta franja de la audiencia, despu\u00e9s de otros t\u00edtulos que pudimos disfrutar en pasadas ediciones de este festival. como <em><a href=\"https:\/\/www.filmaffinity.com\/es\/film979285.html\">Los Cocodrilo<\/a>,<\/em>\u00a0<a href=\"https:\/\/www.filmaffinity.com\/es\/film485953.html\"><em>Los hermanos de negro<\/em><\/a>, etc. T\u00edtulos que nos recuerdan a <a href=\"https:\/\/www.editorialjuventud.es\/los-cinco\/\"><em>Los cinco<\/em><\/a>, <a href=\"https:\/\/www.penguinrandomhouse.com\/series\/HAB\/the-hardy-boys\"><em>The Hardy Boys<\/em>,<\/a> <a href=\"https:\/\/www.rbalibros.com\/autores\/robert-arthur\"><em>Los tres investigadores<\/em><\/a>, y, ya m\u00e1s recientemente, (y en otro estilo), la saga de<a href=\"https:\/\/harrypotter.fandom.com\/es\/wiki\/Editorial_Salamandra\"> Harry Potter<\/a>.<\/p>\n\n\n<div class=\"kk-star-ratings kksr-auto kksr-align-left kksr-valign-bottom\"\n    data-payload='{&quot;align&quot;:&quot;left&quot;,&quot;id&quot;:&quot;2587&quot;,&quot;slug&quot;:&quot;default&quot;,&quot;valign&quot;:&quot;bottom&quot;,&quot;ignore&quot;:&quot;&quot;,&quot;reference&quot;:&quot;auto&quot;,&quot;class&quot;:&quot;&quot;,&quot;count&quot;:&quot;0&quot;,&quot;legendonly&quot;:&quot;&quot;,&quot;readonly&quot;:&quot;&quot;,&quot;score&quot;:&quot;0&quot;,&quot;starsonly&quot;:&quot;&quot;,&quot;best&quot;:&quot;5&quot;,&quot;gap&quot;:&quot;5&quot;,&quot;greet&quot;:&quot;Rate this post&quot;,&quot;legend&quot;:&quot;0\\\/5 - (0 votos)&quot;,&quot;size&quot;:&quot;24&quot;,&quot;title&quot;:&quot;22\\u00aa (Ciber) Edici\\u00f3n del Festival Alem\\u00e1n de Cine&quot;,&quot;width&quot;:&quot;0&quot;,&quot;_legend&quot;:&quot;{score}\\\/{best} - ({count} {votes})&quot;,&quot;font_factor&quot;:&quot;1.25&quot;}'>\n            \n<div class=\"kksr-stars\">\n    \n<div class=\"kksr-stars-inactive\">\n            <div class=\"kksr-star\" data-star=\"1\" style=\"padding-right: 5px\">\n            \n\n<div class=\"kksr-icon\" style=\"width: 24px; height: 24px;\"><\/div>\n        <\/div>\n            <div class=\"kksr-star\" data-star=\"2\" style=\"padding-right: 5px\">\n            \n\n<div class=\"kksr-icon\" style=\"width: 24px; height: 24px;\"><\/div>\n        <\/div>\n            <div class=\"kksr-star\" data-star=\"3\" style=\"padding-right: 5px\">\n            \n\n<div class=\"kksr-icon\" style=\"width: 24px; height: 24px;\"><\/div>\n        <\/div>\n            <div class=\"kksr-star\" data-star=\"4\" style=\"padding-right: 5px\">\n            \n\n<div class=\"kksr-icon\" style=\"width: 24px; height: 24px;\"><\/div>\n        <\/div>\n            <div class=\"kksr-star\" data-star=\"5\" style=\"padding-right: 5px\">\n            \n\n<div class=\"kksr-icon\" style=\"width: 24px; height: 24px;\"><\/div>\n        <\/div>\n    <\/div>\n    \n<div class=\"kksr-stars-active\" style=\"width: 0px;\">\n            <div class=\"kksr-star\" style=\"padding-right: 5px\">\n            \n\n<div class=\"kksr-icon\" style=\"width: 24px; height: 24px;\"><\/div>\n        <\/div>\n            <div class=\"kksr-star\" style=\"padding-right: 5px\">\n            \n\n<div class=\"kksr-icon\" style=\"width: 24px; height: 24px;\"><\/div>\n        <\/div>\n            <div class=\"kksr-star\" style=\"padding-right: 5px\">\n            \n\n<div class=\"kksr-icon\" style=\"width: 24px; height: 24px;\"><\/div>\n        <\/div>\n            <div class=\"kksr-star\" style=\"padding-right: 5px\">\n            \n\n<div class=\"kksr-icon\" style=\"width: 24px; height: 24px;\"><\/div>\n        <\/div>\n            <div class=\"kksr-star\" style=\"padding-right: 5px\">\n            \n\n<div class=\"kksr-icon\" style=\"width: 24px; height: 24px;\"><\/div>\n        <\/div>\n    <\/div>\n<\/div>\n                \n\n<div class=\"kksr-legend\" style=\"font-size: 19.2px;\">\n            <span class=\"kksr-muted\">Rate this post<\/span>\n    <\/div>\n    <\/div>\n","protected":false},"excerpt":{"rendered":"<p>2020. Verano raro, en cuarentena, o con movimientos reducidos seg\u00fan las fases de reapertura de cada zona. Tambi\u00e9n es rara, y limitada, la vig\u00e9simo segunda edici\u00f3n del Festival de Cine Alem\u00e1n. Pero al menos puede celebrarse, gracias a Filmin, uno de los colaboradores habituales. Una vez m\u00e1s, la alianza entre exhibidores y distribuidores con las <\/p>\n","protected":false},"author":4,"featured_media":2592,"comment_status":"open","ping_status":"closed","sticky":false,"template":"","format":"standard","meta":{"jetpack_post_was_ever_published":false,"_jetpack_newsletter_access":"","footnotes":"","jetpack_publicize_message":"","jetpack_is_tweetstorm":false,"jetpack_publicize_feature_enabled":true,"jetpack_social_post_already_shared":true,"jetpack_social_options":{"image_generator_settings":{"template":"highway","enabled":false}}},"categories":[2],"tags":[135],"jetpack_publicize_connections":[],"aioseo_notices":[],"jetpack_featured_media_url":"https:\/\/i0.wp.com\/beat4people.com\/wp-content\/uploads\/2020\/06\/maxresdefault-1.jpg?fit=1280%2C720&ssl=1","jetpack_sharing_enabled":true,"jetpack_likes_enabled":true,"jetpack-related-posts":[],"_links":{"self":[{"href":"https:\/\/beat4people.com\/index.php\/wp-json\/wp\/v2\/posts\/2587"}],"collection":[{"href":"https:\/\/beat4people.com\/index.php\/wp-json\/wp\/v2\/posts"}],"about":[{"href":"https:\/\/beat4people.com\/index.php\/wp-json\/wp\/v2\/types\/post"}],"author":[{"embeddable":true,"href":"https:\/\/beat4people.com\/index.php\/wp-json\/wp\/v2\/users\/4"}],"replies":[{"embeddable":true,"href":"https:\/\/beat4people.com\/index.php\/wp-json\/wp\/v2\/comments?post=2587"}],"version-history":[{"count":10,"href":"https:\/\/beat4people.com\/index.php\/wp-json\/wp\/v2\/posts\/2587\/revisions"}],"predecessor-version":[{"id":2602,"href":"https:\/\/beat4people.com\/index.php\/wp-json\/wp\/v2\/posts\/2587\/revisions\/2602"}],"wp:featuredmedia":[{"embeddable":true,"href":"https:\/\/beat4people.com\/index.php\/wp-json\/wp\/v2\/media\/2592"}],"wp:attachment":[{"href":"https:\/\/beat4people.com\/index.php\/wp-json\/wp\/v2\/media?parent=2587"}],"wp:term":[{"taxonomy":"category","embeddable":true,"href":"https:\/\/beat4people.com\/index.php\/wp-json\/wp\/v2\/categories?post=2587"},{"taxonomy":"post_tag","embeddable":true,"href":"https:\/\/beat4people.com\/index.php\/wp-json\/wp\/v2\/tags?post=2587"}],"curies":[{"name":"wp","href":"https:\/\/api.w.org\/{rel}","templated":true}]}}