{"id":2789,"date":"2021-02-17T20:55:44","date_gmt":"2021-02-17T19:55:44","guid":{"rendered":"https:\/\/beat4people.com\/?p=2789"},"modified":"2021-02-17T21:01:44","modified_gmt":"2021-02-17T20:01:44","slug":"wen-dlrow-order","status":"publish","type":"post","link":"https:\/\/beat4people.com\/index.php\/2021\/02\/17\/wen-dlrow-order\/","title":{"rendered":"weN dlroW Order"},"content":{"rendered":"<p style=\"text-align: justify;\"><a href=\"https:\/\/i0.wp.com\/beat4people.com\/wp-content\/uploads\/2021\/02\/Poster-Nuevo-orden.png?ssl=1\"><img data-attachment-id=\"2792\" data-permalink=\"https:\/\/beat4people.com\/index.php\/2021\/02\/17\/wen-dlrow-order\/poster-nuevo-orden\/\" data-orig-file=\"https:\/\/i0.wp.com\/beat4people.com\/wp-content\/uploads\/2021\/02\/Poster-Nuevo-orden.png?fit=644%2C927&amp;ssl=1\" data-orig-size=\"644,927\" data-comments-opened=\"1\" data-image-meta=\"{&quot;aperture&quot;:&quot;0&quot;,&quot;credit&quot;:&quot;&quot;,&quot;camera&quot;:&quot;&quot;,&quot;caption&quot;:&quot;&quot;,&quot;created_timestamp&quot;:&quot;0&quot;,&quot;copyright&quot;:&quot;&quot;,&quot;focal_length&quot;:&quot;0&quot;,&quot;iso&quot;:&quot;0&quot;,&quot;shutter_speed&quot;:&quot;0&quot;,&quot;title&quot;:&quot;&quot;,&quot;orientation&quot;:&quot;0&quot;}\" data-image-title=\"Poster Nuevo orden\" data-image-description=\"\" data-image-caption=\"\" data-medium-file=\"https:\/\/i0.wp.com\/beat4people.com\/wp-content\/uploads\/2021\/02\/Poster-Nuevo-orden.png?fit=208%2C300&amp;ssl=1\" data-large-file=\"https:\/\/i0.wp.com\/beat4people.com\/wp-content\/uploads\/2021\/02\/Poster-Nuevo-orden.png?fit=640%2C921&amp;ssl=1\" decoding=\"async\" loading=\"lazy\" class=\" wp-image-2792 alignleft\" src=\"https:\/\/i0.wp.com\/beat4people.com\/wp-content\/uploads\/2021\/02\/Poster-Nuevo-orden.png?resize=388%2C559&#038;ssl=1\" alt=\"\" width=\"388\" height=\"559\" srcset=\"https:\/\/i0.wp.com\/beat4people.com\/wp-content\/uploads\/2021\/02\/Poster-Nuevo-orden.png?w=644&amp;ssl=1 644w, https:\/\/i0.wp.com\/beat4people.com\/wp-content\/uploads\/2021\/02\/Poster-Nuevo-orden.png?resize=208%2C300&amp;ssl=1 208w, https:\/\/i0.wp.com\/beat4people.com\/wp-content\/uploads\/2021\/02\/Poster-Nuevo-orden.png?resize=292%2C420&amp;ssl=1 292w\" sizes=\"(max-width: 388px) 100vw, 388px\" data-recalc-dims=\"1\" \/><\/a>He titulado esta cr\u00f3nica siguiendo el original formato del t\u00edtulo de <em><a href=\"https:\/\/www.acontracorrientefilms.com\/film\/detail\/new-order-nuevo-orden\/in-cinemas\">New Order,<\/a><\/em> la nueva pel\u00edcula de Michel Franco, uno de los prometedores directores y productores mexicanos de los \u00faltimos tiempos y triunfador en festivales como Cannes, Berl\u00edn y Venecia.<\/p>\n<p style=\"text-align: justify;\"><em><a href=\"https:\/\/www.imdb.com\/title\/tt12474056\/\">New Order<\/a><\/em>, que llega a nuestras pantallas este viernes 19 de febrero, es, seg\u00fan el propio Franco, \u201cuna visi\u00f3n dist\u00f3pica de M\u00e9xico, pero no muy alejada de la realidad\u201d. Ni por la trama ni por la realizaci\u00f3n.<\/p>\n<p style=\"text-align: justify;\">La trama parte de una boda en el seno de una adinerada familia mexicana que se ve brutalmente interrumpida cuando el estallido de unas violentas protestas deriva en un golpe de estado militar. En palabras del propio Franco, se trata de \u201cun aviso sobre el peligro de generar caos si no se tratan las desigualdades por medios c\u00edvicos y si todas las voces disidentes son silenciadas\u201d brutalmente. \u201cLa disparidad socioecon\u00f3mica se est\u00e1n expandiendo cada m\u00e1s, es algo insostenible\u201d. No solo en M\u00e9xico, sino a nivel mundial, incluido Europa, como pasa en Francia con los Chalecos Amarillos. Grupos colectivos, donde el individuo que se une act\u00faa m\u00e1s como conciencia de grupo.<\/p>\n<p><img data-attachment-id=\"2542\" data-permalink=\"https:\/\/beat4people.com\/index.php\/2020\/04\/23\/recomendaciones-anti-desidia\/41e55662-73f1-435c-b9f2-8b87faee6aae\/\" data-orig-file=\"https:\/\/i0.wp.com\/beat4people.com\/wp-content\/uploads\/2020\/04\/41E55662-73F1-435C-B9F2-8B87FAEE6AAE.png?fit=300%2C250&amp;ssl=1\" data-orig-size=\"300,250\" data-comments-opened=\"1\" data-image-meta=\"{&quot;aperture&quot;:&quot;0&quot;,&quot;credit&quot;:&quot;&quot;,&quot;camera&quot;:&quot;&quot;,&quot;caption&quot;:&quot;&quot;,&quot;created_timestamp&quot;:&quot;0&quot;,&quot;copyright&quot;:&quot;&quot;,&quot;focal_length&quot;:&quot;0&quot;,&quot;iso&quot;:&quot;0&quot;,&quot;shutter_speed&quot;:&quot;0&quot;,&quot;title&quot;:&quot;&quot;,&quot;orientation&quot;:&quot;0&quot;}\" data-image-title=\"41E55662-73F1-435C-B9F2-8B87FAEE6AAE\" data-image-description=\"\" data-image-caption=\"\" data-medium-file=\"https:\/\/i0.wp.com\/beat4people.com\/wp-content\/uploads\/2020\/04\/41E55662-73F1-435C-B9F2-8B87FAEE6AAE.png?fit=300%2C250&amp;ssl=1\" data-large-file=\"https:\/\/i0.wp.com\/beat4people.com\/wp-content\/uploads\/2020\/04\/41E55662-73F1-435C-B9F2-8B87FAEE6AAE.png?fit=300%2C250&amp;ssl=1\" decoding=\"async\" loading=\"lazy\" class=\"aligncenter wp-image-2542 size-full\" src=\"https:\/\/i0.wp.com\/beat4people.com\/wp-content\/uploads\/2020\/04\/41E55662-73F1-435C-B9F2-8B87FAEE6AAE.png?resize=300%2C250&#038;ssl=1\" alt=\"\" width=\"300\" height=\"250\" data-recalc-dims=\"1\" \/><\/p>\n<p style=\"text-align: justify;\">Al propio Franco, como mexicano, le preocupan mucho estos temas. Que la injusticia, aunque sea un hecho real, no se aborde por nadie en el poder. Con m\u00e1s de la mitad de la poblaci\u00f3n mundial viviendo en diferentes estados de pobreza, muchos sin apenas acceso a lo m\u00e1s b\u00e1sico, le ha frustrado ya desde quera un ni\u00f1o.<\/p>\n<p style=\"text-align: justify;\">Otro aspecto que acierta a tocar, obviamente muy relacionado, es el racismo end\u00e9mico que hay en M\u00e9xico, \u201ctan segregado como en EE.UU., con la gente en el poder intentando que nada cambie\u201d. Michel Franco ve una conexi\u00f3n directa entre esto y las desigualdades econ\u00f3micas, asegurando que, si no \u201chay una v\u00e1lvula de escape pac\u00edficamente, al igual que el movimiento Black Lives Matter, la naci\u00f3n se va a volver una olla a presi\u00f3n (\u2026) Con New Order intento iniciar un di\u00e1logo positivo\u201d.<\/p>\n<p style=\"text-align: justify;\">Es algo que refleja muy bien en <em>New Order<\/em>, que perfectamente podr\u00eda ser un docudrama m\u00e1s que un thriller. Algo similar a <em><a href=\"https:\/\/www.imdb.com\/title\/tt0058946\/\">La batalla de Argel<\/a><\/em> (Gillo Pontecorvo) rodada pocos a\u00f1os despu\u00e9s de la independencia de este pa\u00eds y una de las pel\u00edculas que le han influido para enfrentarse a New Order. Otras pel\u00edculas que le han influido son <em><a href=\"https:\/\/www.imdb.com\/title\/tt0066921\/\">La naranja mec\u00e1nica<\/a><\/em>, (Stanley Kubrick), obra que le caus\u00f3 gran impresi\u00f3n en su adolescencia; <a href=\"https:\/\/www.imdb.com\/title\/tt0063611\/\">La verg\u00fcenza<\/a>, (Ingmar Bergman), \u201cque puede parecer una pel\u00edcula cl\u00e1sica de guerra, pero en realidad est\u00e1 interesado en las reacciones individuales ante la ruptura social\u201d o <em><a href=\"https:\/\/www.imdb.com\/title\/tt0324197\/\">El tiempo del lobo<\/a><\/em>, (Michael Haneke).<\/p>\n<p style=\"text-align: justify;\">Lo interesante es que vamos descubriendo lo que est\u00e1 sucediendo, qui\u00e9n est\u00e1 detr\u00e1s, en qui\u00e9n confiar y en qui\u00e9n no seg\u00fan avanza el metraje. Como la vida misma. Con una direcci\u00f3n muy realista, sin alardes visuales m\u00e1s all\u00e1 de la violencia (y ciertos momentos que quiere marcar) que se va desarrollando ante nuestros ojos, <em>New Order<\/em> supuso sin embargo todo un reto para Michel Franco. En sus anteriores pel\u00edculas trabaj\u00f3 con equipos y presupuestos reducidos, algo que no pod\u00eda hacer en esta ocasi\u00f3n si quer\u00eda manejar tantos extras y marcar la violencia generalizada, a gran escala.<\/p>\n<p style=\"text-align: justify;\">Tuvo que \u201ctrabajar de forma m\u00e1s cercana con su director de fotograf\u00eda y su equipo en general (\u2026), saliendo de mi zona de confort. Tuve que confiar en que el equipo de efectos visuales sacara las cosas como yo las ve\u00eda, y dar libertad a mi director de fotograf\u00eda para que se moviera entre tanta gente (tres mil extras) con una c\u00e1mara en mano\u201d. Reconoce que este nuevo enfoque ha sido muy excitante, y que quiz\u00e1 tenga que terminar cinco pel\u00edculas antes de acostumbrarse, de estar listo para algo as\u00ed.<\/p>\n<p style=\"text-align: justify;\">Quien sabe, quiz\u00e1 el gran salto le llegue con esta dura pero necesaria pel\u00edcula, armada como un puzle en el cada personaje reacciona de forma diferente ante estos disruptivos, tr\u00e1gicos, violentos sucesos.<\/p>\n<p style=\"text-align: justify;\">Una obra que, por desgracia y si no se pone remedio, puede llegar a ser premonitoria. \u00a0Basta echar una mirada a los medios de comunicaci\u00f3n para darse cuenta de esto. Recordemos que, como suele decirse, la realidad supera a la ficci\u00f3n.<\/p>\n<p><a href=\"https:\/\/twitter.com\/eduvicu\">@EduVicu<\/a><\/p>\n\n\n<div class=\"kk-star-ratings kksr-auto kksr-align-left kksr-valign-bottom\"\n    data-payload='{&quot;align&quot;:&quot;left&quot;,&quot;id&quot;:&quot;2789&quot;,&quot;slug&quot;:&quot;default&quot;,&quot;valign&quot;:&quot;bottom&quot;,&quot;ignore&quot;:&quot;&quot;,&quot;reference&quot;:&quot;auto&quot;,&quot;class&quot;:&quot;&quot;,&quot;count&quot;:&quot;0&quot;,&quot;legendonly&quot;:&quot;&quot;,&quot;readonly&quot;:&quot;&quot;,&quot;score&quot;:&quot;0&quot;,&quot;starsonly&quot;:&quot;&quot;,&quot;best&quot;:&quot;5&quot;,&quot;gap&quot;:&quot;5&quot;,&quot;greet&quot;:&quot;Rate this post&quot;,&quot;legend&quot;:&quot;0\\\/5 - (0 votos)&quot;,&quot;size&quot;:&quot;24&quot;,&quot;title&quot;:&quot;weN dlroW Order&quot;,&quot;width&quot;:&quot;0&quot;,&quot;_legend&quot;:&quot;{score}\\\/{best} - ({count} {votes})&quot;,&quot;font_factor&quot;:&quot;1.25&quot;}'>\n            \n<div class=\"kksr-stars\">\n    \n<div class=\"kksr-stars-inactive\">\n            <div class=\"kksr-star\" data-star=\"1\" style=\"padding-right: 5px\">\n            \n\n<div class=\"kksr-icon\" style=\"width: 24px; height: 24px;\"><\/div>\n        <\/div>\n            <div class=\"kksr-star\" data-star=\"2\" style=\"padding-right: 5px\">\n            \n\n<div class=\"kksr-icon\" style=\"width: 24px; height: 24px;\"><\/div>\n        <\/div>\n            <div class=\"kksr-star\" data-star=\"3\" style=\"padding-right: 5px\">\n            \n\n<div class=\"kksr-icon\" style=\"width: 24px; height: 24px;\"><\/div>\n        <\/div>\n            <div class=\"kksr-star\" data-star=\"4\" style=\"padding-right: 5px\">\n            \n\n<div class=\"kksr-icon\" style=\"width: 24px; height: 24px;\"><\/div>\n        <\/div>\n            <div class=\"kksr-star\" data-star=\"5\" style=\"padding-right: 5px\">\n            \n\n<div class=\"kksr-icon\" style=\"width: 24px; height: 24px;\"><\/div>\n        <\/div>\n    <\/div>\n    \n<div class=\"kksr-stars-active\" style=\"width: 0px;\">\n            <div class=\"kksr-star\" style=\"padding-right: 5px\">\n            \n\n<div class=\"kksr-icon\" style=\"width: 24px; height: 24px;\"><\/div>\n        <\/div>\n            <div class=\"kksr-star\" style=\"padding-right: 5px\">\n            \n\n<div class=\"kksr-icon\" style=\"width: 24px; height: 24px;\"><\/div>\n        <\/div>\n            <div class=\"kksr-star\" style=\"padding-right: 5px\">\n            \n\n<div class=\"kksr-icon\" style=\"width: 24px; height: 24px;\"><\/div>\n        <\/div>\n            <div class=\"kksr-star\" style=\"padding-right: 5px\">\n            \n\n<div class=\"kksr-icon\" style=\"width: 24px; height: 24px;\"><\/div>\n        <\/div>\n            <div class=\"kksr-star\" style=\"padding-right: 5px\">\n            \n\n<div class=\"kksr-icon\" style=\"width: 24px; height: 24px;\"><\/div>\n        <\/div>\n    <\/div>\n<\/div>\n                \n\n<div class=\"kksr-legend\" style=\"font-size: 19.2px;\">\n            <span class=\"kksr-muted\">Rate this post<\/span>\n    <\/div>\n    <\/div>\n","protected":false},"excerpt":{"rendered":"<p>He titulado esta cr\u00f3nica siguiendo el original formato del t\u00edtulo de New Order, la nueva pel\u00edcula de Michel Franco, uno de los prometedores directores y productores mexicanos de los \u00faltimos tiempos y triunfador en festivales como Cannes, Berl\u00edn y Venecia. New Order, que llega a nuestras pantallas este viernes 19 de febrero, es, seg\u00fan el <\/p>\n","protected":false},"author":4,"featured_media":2790,"comment_status":"open","ping_status":"closed","sticky":false,"template":"","format":"standard","meta":{"jetpack_post_was_ever_published":false,"_jetpack_newsletter_access":"","footnotes":"","jetpack_publicize_message":"","jetpack_is_tweetstorm":false,"jetpack_publicize_feature_enabled":true,"jetpack_social_post_already_shared":true,"jetpack_social_options":{"image_generator_settings":{"template":"highway","enabled":false}}},"categories":[2],"tags":[94],"jetpack_publicize_connections":[],"aioseo_notices":[],"jetpack_featured_media_url":"https:\/\/i0.wp.com\/beat4people.com\/wp-content\/uploads\/2021\/02\/Autorizado7_cmyk.jpg?fit=1800%2C758&ssl=1","jetpack_sharing_enabled":true,"jetpack_likes_enabled":true,"jetpack-related-posts":[],"_links":{"self":[{"href":"https:\/\/beat4people.com\/index.php\/wp-json\/wp\/v2\/posts\/2789"}],"collection":[{"href":"https:\/\/beat4people.com\/index.php\/wp-json\/wp\/v2\/posts"}],"about":[{"href":"https:\/\/beat4people.com\/index.php\/wp-json\/wp\/v2\/types\/post"}],"author":[{"embeddable":true,"href":"https:\/\/beat4people.com\/index.php\/wp-json\/wp\/v2\/users\/4"}],"replies":[{"embeddable":true,"href":"https:\/\/beat4people.com\/index.php\/wp-json\/wp\/v2\/comments?post=2789"}],"version-history":[{"count":3,"href":"https:\/\/beat4people.com\/index.php\/wp-json\/wp\/v2\/posts\/2789\/revisions"}],"predecessor-version":[{"id":2795,"href":"https:\/\/beat4people.com\/index.php\/wp-json\/wp\/v2\/posts\/2789\/revisions\/2795"}],"wp:featuredmedia":[{"embeddable":true,"href":"https:\/\/beat4people.com\/index.php\/wp-json\/wp\/v2\/media\/2790"}],"wp:attachment":[{"href":"https:\/\/beat4people.com\/index.php\/wp-json\/wp\/v2\/media?parent=2789"}],"wp:term":[{"taxonomy":"category","embeddable":true,"href":"https:\/\/beat4people.com\/index.php\/wp-json\/wp\/v2\/categories?post=2789"},{"taxonomy":"post_tag","embeddable":true,"href":"https:\/\/beat4people.com\/index.php\/wp-json\/wp\/v2\/tags?post=2789"}],"curies":[{"name":"wp","href":"https:\/\/api.w.org\/{rel}","templated":true}]}}