{"id":3035,"date":"2021-08-17T12:46:47","date_gmt":"2021-08-17T11:46:47","guid":{"rendered":"https:\/\/beat4people.com\/?p=3035"},"modified":"2021-08-17T12:46:47","modified_gmt":"2021-08-17T11:46:47","slug":"descarrilados-el-viaje-de-la-vida","status":"publish","type":"post","link":"https:\/\/beat4people.com\/index.php\/2021\/08\/17\/descarrilados-el-viaje-de-la-vida\/","title":{"rendered":"Descarrilados, el viaje de la vida"},"content":{"rendered":"<p style=\"text-align: justify;\"><a href=\"https:\/\/www.filmaffinity.com\/es\/film404127.html\"><em><a href=\"https:\/\/i0.wp.com\/beat4people.com\/wp-content\/uploads\/2021\/08\/Descarrilados-Cartel-Final-ok-scaled.jpg?ssl=1\"><img data-attachment-id=\"3037\" data-permalink=\"https:\/\/beat4people.com\/index.php\/2021\/08\/17\/descarrilados-el-viaje-de-la-vida\/descarrilados-cartel-final-ok\/\" data-orig-file=\"https:\/\/i0.wp.com\/beat4people.com\/wp-content\/uploads\/2021\/08\/Descarrilados-Cartel-Final-ok-scaled.jpg?fit=1792%2C2560&amp;ssl=1\" data-orig-size=\"1792,2560\" data-comments-opened=\"1\" data-image-meta=\"{&quot;aperture&quot;:&quot;0&quot;,&quot;credit&quot;:&quot;&quot;,&quot;camera&quot;:&quot;&quot;,&quot;caption&quot;:&quot;&quot;,&quot;created_timestamp&quot;:&quot;0&quot;,&quot;copyright&quot;:&quot;&quot;,&quot;focal_length&quot;:&quot;0&quot;,&quot;iso&quot;:&quot;0&quot;,&quot;shutter_speed&quot;:&quot;0&quot;,&quot;title&quot;:&quot;&quot;,&quot;orientation&quot;:&quot;0&quot;}\" data-image-title=\"Descarrilados &#8211; Cartel Final ok\" data-image-description=\"\" data-image-caption=\"\" data-medium-file=\"https:\/\/i0.wp.com\/beat4people.com\/wp-content\/uploads\/2021\/08\/Descarrilados-Cartel-Final-ok-scaled.jpg?fit=210%2C300&amp;ssl=1\" data-large-file=\"https:\/\/i0.wp.com\/beat4people.com\/wp-content\/uploads\/2021\/08\/Descarrilados-Cartel-Final-ok-scaled.jpg?fit=640%2C914&amp;ssl=1\" decoding=\"async\" loading=\"lazy\" class=\"wp-image-3037 alignleft\" src=\"https:\/\/i0.wp.com\/beat4people.com\/wp-content\/uploads\/2021\/08\/Descarrilados-Cartel-Final-ok-scaled.jpg?resize=361%2C517&#038;ssl=1\" alt=\"\" width=\"361\" height=\"517\" srcset=\"https:\/\/i0.wp.com\/beat4people.com\/wp-content\/uploads\/2021\/08\/Descarrilados-Cartel-Final-ok-scaled.jpg?w=1792&amp;ssl=1 1792w, https:\/\/i0.wp.com\/beat4people.com\/wp-content\/uploads\/2021\/08\/Descarrilados-Cartel-Final-ok-scaled.jpg?resize=210%2C300&amp;ssl=1 210w, https:\/\/i0.wp.com\/beat4people.com\/wp-content\/uploads\/2021\/08\/Descarrilados-Cartel-Final-ok-scaled.jpg?resize=717%2C1024&amp;ssl=1 717w, https:\/\/i0.wp.com\/beat4people.com\/wp-content\/uploads\/2021\/08\/Descarrilados-Cartel-Final-ok-scaled.jpg?resize=768%2C1097&amp;ssl=1 768w, https:\/\/i0.wp.com\/beat4people.com\/wp-content\/uploads\/2021\/08\/Descarrilados-Cartel-Final-ok-scaled.jpg?resize=1075%2C1536&amp;ssl=1 1075w, https:\/\/i0.wp.com\/beat4people.com\/wp-content\/uploads\/2021\/08\/Descarrilados-Cartel-Final-ok-scaled.jpg?resize=1434%2C2048&amp;ssl=1 1434w, https:\/\/i0.wp.com\/beat4people.com\/wp-content\/uploads\/2021\/08\/Descarrilados-Cartel-Final-ok-scaled.jpg?resize=696%2C994&amp;ssl=1 696w, https:\/\/i0.wp.com\/beat4people.com\/wp-content\/uploads\/2021\/08\/Descarrilados-Cartel-Final-ok-scaled.jpg?resize=1068%2C1526&amp;ssl=1 1068w, https:\/\/i0.wp.com\/beat4people.com\/wp-content\/uploads\/2021\/08\/Descarrilados-Cartel-Final-ok-scaled.jpg?resize=294%2C420&amp;ssl=1 294w, https:\/\/i0.wp.com\/beat4people.com\/wp-content\/uploads\/2021\/08\/Descarrilados-Cartel-Final-ok-scaled.jpg?w=1280&amp;ssl=1 1280w\" sizes=\"(max-width: 361px) 100vw, 361px\" data-recalc-dims=\"1\" \/><\/a>Descarrilados<\/em><\/a>, adem\u00e1s de un canto a la amistad, es una divertida, gamberra y en algunos momentos pol\u00edticamente incorrecta comedia veraniega, con Ernesto Sevilla y los actores de la memorable \u201cmini sitcom\u201d <em>Camera Caf\u00e9<\/em>, Arturo Vals, Juli\u00e1n L\u00f3pez y la colaboraci\u00f3n especial de Ana Mil\u00e1n. Un reparto que nos dejan unas buenas risas, tanto por los di\u00e1logos y situaciones, en ocasiones rallando lo absurdo, como por los gestos.<\/p>\n<p style=\"text-align: justify;\">Refrescante y con un ritmo \u00e1gil, Fernando Garc\u00eda-Ruiz nos desvela las varias peripecias, locuras y desventuras para cumplir la \u00faltima voluntad de su fallecido amigo, haciendo\u00a0 que el ritmo no decaiga en ning\u00fan momento.<\/p>\n<p style=\"text-align: justify;\"><a href=\"https:\/\/www.youtube.com\/watch?v=Pf0B6xSuopg\"><em>Descarrilados<\/em><\/a> se trata de un ambicioso largometraje, por sus varias localizaciones donde est\u00e1 rodado, que contin\u00faa el estilo <em>Resac\u00f3n en las Vegas<\/em>, en su versi\u00f3n Inter rail. Seguro que a m\u00e1s de uno que haya disfrutado de esta forma de viajar por Europa, a partir del estreno el 20 de agosto, rememora algo de su viaje con esta pel\u00edcula.<\/p>\n<p><a href=\"https:\/\/twitter.com\/eduvicu\">@EduVicu <\/a><\/p>\n\n\n<div class=\"kk-star-ratings kksr-auto kksr-align-left kksr-valign-bottom\"\n    data-payload='{&quot;align&quot;:&quot;left&quot;,&quot;id&quot;:&quot;3035&quot;,&quot;slug&quot;:&quot;default&quot;,&quot;valign&quot;:&quot;bottom&quot;,&quot;ignore&quot;:&quot;&quot;,&quot;reference&quot;:&quot;auto&quot;,&quot;class&quot;:&quot;&quot;,&quot;count&quot;:&quot;0&quot;,&quot;legendonly&quot;:&quot;&quot;,&quot;readonly&quot;:&quot;&quot;,&quot;score&quot;:&quot;0&quot;,&quot;starsonly&quot;:&quot;&quot;,&quot;best&quot;:&quot;5&quot;,&quot;gap&quot;:&quot;5&quot;,&quot;greet&quot;:&quot;Rate this post&quot;,&quot;legend&quot;:&quot;0\\\/5 - (0 votos)&quot;,&quot;size&quot;:&quot;24&quot;,&quot;title&quot;:&quot;Descarrilados, el viaje de la vida&quot;,&quot;width&quot;:&quot;0&quot;,&quot;_legend&quot;:&quot;{score}\\\/{best} - ({count} {votes})&quot;,&quot;font_factor&quot;:&quot;1.25&quot;}'>\n            \n<div class=\"kksr-stars\">\n    \n<div class=\"kksr-stars-inactive\">\n            <div class=\"kksr-star\" data-star=\"1\" style=\"padding-right: 5px\">\n            \n\n<div class=\"kksr-icon\" style=\"width: 24px; height: 24px;\"><\/div>\n        <\/div>\n            <div class=\"kksr-star\" data-star=\"2\" style=\"padding-right: 5px\">\n            \n\n<div class=\"kksr-icon\" style=\"width: 24px; height: 24px;\"><\/div>\n        <\/div>\n            <div class=\"kksr-star\" data-star=\"3\" style=\"padding-right: 5px\">\n            \n\n<div class=\"kksr-icon\" style=\"width: 24px; height: 24px;\"><\/div>\n        <\/div>\n            <div class=\"kksr-star\" data-star=\"4\" style=\"padding-right: 5px\">\n            \n\n<div class=\"kksr-icon\" style=\"width: 24px; height: 24px;\"><\/div>\n        <\/div>\n            <div class=\"kksr-star\" data-star=\"5\" style=\"padding-right: 5px\">\n            \n\n<div class=\"kksr-icon\" style=\"width: 24px; height: 24px;\"><\/div>\n        <\/div>\n    <\/div>\n    \n<div class=\"kksr-stars-active\" style=\"width: 0px;\">\n            <div class=\"kksr-star\" style=\"padding-right: 5px\">\n            \n\n<div class=\"kksr-icon\" style=\"width: 24px; height: 24px;\"><\/div>\n        <\/div>\n            <div class=\"kksr-star\" style=\"padding-right: 5px\">\n            \n\n<div class=\"kksr-icon\" style=\"width: 24px; height: 24px;\"><\/div>\n        <\/div>\n            <div class=\"kksr-star\" style=\"padding-right: 5px\">\n            \n\n<div class=\"kksr-icon\" style=\"width: 24px; height: 24px;\"><\/div>\n        <\/div>\n            <div class=\"kksr-star\" style=\"padding-right: 5px\">\n            \n\n<div class=\"kksr-icon\" style=\"width: 24px; height: 24px;\"><\/div>\n        <\/div>\n            <div class=\"kksr-star\" style=\"padding-right: 5px\">\n            \n\n<div class=\"kksr-icon\" style=\"width: 24px; height: 24px;\"><\/div>\n        <\/div>\n    <\/div>\n<\/div>\n                \n\n<div class=\"kksr-legend\" style=\"font-size: 19.2px;\">\n            <span class=\"kksr-muted\">Rate this post<\/span>\n    <\/div>\n    <\/div>\n","protected":false},"excerpt":{"rendered":"<p>Descarrilados, adem\u00e1s de un canto a la amistad, es una divertida, gamberra y en algunos momentos pol\u00edticamente incorrecta comedia veraniega, con Ernesto Sevilla y los actores de la memorable \u201cmini sitcom\u201d Camera Caf\u00e9, Arturo Vals, Juli\u00e1n L\u00f3pez y la colaboraci\u00f3n especial de Ana Mil\u00e1n. Un reparto que nos dejan unas buenas risas, tanto por los <\/p>\n","protected":false},"author":4,"featured_media":3036,"comment_status":"open","ping_status":"closed","sticky":false,"template":"","format":"standard","meta":{"jetpack_post_was_ever_published":false,"_jetpack_newsletter_access":"","footnotes":"","jetpack_publicize_message":"","jetpack_is_tweetstorm":false,"jetpack_publicize_feature_enabled":true,"jetpack_social_post_already_shared":true,"jetpack_social_options":{"image_generator_settings":{"template":"highway","enabled":false}}},"categories":[2],"tags":[44,147],"jetpack_publicize_connections":[],"aioseo_notices":[],"jetpack_featured_media_url":"https:\/\/i0.wp.com\/beat4people.com\/wp-content\/uploads\/2021\/08\/0036_INTERRAIL_0_DSF7984-scaled.jpg?fit=2560%2C1440&ssl=1","jetpack_sharing_enabled":true,"jetpack_likes_enabled":true,"jetpack-related-posts":[],"_links":{"self":[{"href":"https:\/\/beat4people.com\/index.php\/wp-json\/wp\/v2\/posts\/3035"}],"collection":[{"href":"https:\/\/beat4people.com\/index.php\/wp-json\/wp\/v2\/posts"}],"about":[{"href":"https:\/\/beat4people.com\/index.php\/wp-json\/wp\/v2\/types\/post"}],"author":[{"embeddable":true,"href":"https:\/\/beat4people.com\/index.php\/wp-json\/wp\/v2\/users\/4"}],"replies":[{"embeddable":true,"href":"https:\/\/beat4people.com\/index.php\/wp-json\/wp\/v2\/comments?post=3035"}],"version-history":[{"count":1,"href":"https:\/\/beat4people.com\/index.php\/wp-json\/wp\/v2\/posts\/3035\/revisions"}],"predecessor-version":[{"id":3038,"href":"https:\/\/beat4people.com\/index.php\/wp-json\/wp\/v2\/posts\/3035\/revisions\/3038"}],"wp:featuredmedia":[{"embeddable":true,"href":"https:\/\/beat4people.com\/index.php\/wp-json\/wp\/v2\/media\/3036"}],"wp:attachment":[{"href":"https:\/\/beat4people.com\/index.php\/wp-json\/wp\/v2\/media?parent=3035"}],"wp:term":[{"taxonomy":"category","embeddable":true,"href":"https:\/\/beat4people.com\/index.php\/wp-json\/wp\/v2\/categories?post=3035"},{"taxonomy":"post_tag","embeddable":true,"href":"https:\/\/beat4people.com\/index.php\/wp-json\/wp\/v2\/tags?post=3035"}],"curies":[{"name":"wp","href":"https:\/\/api.w.org\/{rel}","templated":true}]}}