{"id":3040,"date":"2021-08-24T10:52:42","date_gmt":"2021-08-24T09:52:42","guid":{"rendered":"https:\/\/beat4people.com\/?p=3040"},"modified":"2021-08-24T10:52:42","modified_gmt":"2021-08-24T09:52:42","slug":"el-retorno-de-istvan-szabo","status":"publish","type":"post","link":"https:\/\/beat4people.com\/index.php\/2021\/08\/24\/el-retorno-de-istvan-szabo\/","title":{"rendered":"El retorno de Istv\u00e1n Szab\u00f3"},"content":{"rendered":"<p style=\"text-align: justify;\"><a href=\"https:\/\/i0.wp.com\/beat4people.com\/wp-content\/uploads\/2021\/08\/El_m_dico_de_Budapest-231195149-large.jpg?ssl=1\"><img data-attachment-id=\"3042\" data-permalink=\"https:\/\/beat4people.com\/index.php\/2021\/08\/24\/el-retorno-de-istvan-szabo\/el_m_dico_de_budapest-231195149-large\/\" data-orig-file=\"https:\/\/i0.wp.com\/beat4people.com\/wp-content\/uploads\/2021\/08\/El_m_dico_de_Budapest-231195149-large.jpg?fit=800%2C1185&amp;ssl=1\" data-orig-size=\"800,1185\" data-comments-opened=\"1\" data-image-meta=\"{&quot;aperture&quot;:&quot;0&quot;,&quot;credit&quot;:&quot;&quot;,&quot;camera&quot;:&quot;&quot;,&quot;caption&quot;:&quot;&quot;,&quot;created_timestamp&quot;:&quot;0&quot;,&quot;copyright&quot;:&quot;&quot;,&quot;focal_length&quot;:&quot;0&quot;,&quot;iso&quot;:&quot;0&quot;,&quot;shutter_speed&quot;:&quot;0&quot;,&quot;title&quot;:&quot;&quot;,&quot;orientation&quot;:&quot;0&quot;}\" data-image-title=\"El_m_dico_de_Budapest-231195149-large\" data-image-description=\"\" data-image-caption=\"\" data-medium-file=\"https:\/\/i0.wp.com\/beat4people.com\/wp-content\/uploads\/2021\/08\/El_m_dico_de_Budapest-231195149-large.jpg?fit=203%2C300&amp;ssl=1\" data-large-file=\"https:\/\/i0.wp.com\/beat4people.com\/wp-content\/uploads\/2021\/08\/El_m_dico_de_Budapest-231195149-large.jpg?fit=640%2C948&amp;ssl=1\" decoding=\"async\" loading=\"lazy\" class=\" wp-image-3042 alignleft\" src=\"https:\/\/i0.wp.com\/beat4people.com\/wp-content\/uploads\/2021\/08\/El_m_dico_de_Budapest-231195149-large.jpg?resize=376%2C557&#038;ssl=1\" alt=\"\" width=\"376\" height=\"557\" srcset=\"https:\/\/i0.wp.com\/beat4people.com\/wp-content\/uploads\/2021\/08\/El_m_dico_de_Budapest-231195149-large.jpg?w=800&amp;ssl=1 800w, https:\/\/i0.wp.com\/beat4people.com\/wp-content\/uploads\/2021\/08\/El_m_dico_de_Budapest-231195149-large.jpg?resize=203%2C300&amp;ssl=1 203w, https:\/\/i0.wp.com\/beat4people.com\/wp-content\/uploads\/2021\/08\/El_m_dico_de_Budapest-231195149-large.jpg?resize=691%2C1024&amp;ssl=1 691w, https:\/\/i0.wp.com\/beat4people.com\/wp-content\/uploads\/2021\/08\/El_m_dico_de_Budapest-231195149-large.jpg?resize=768%2C1138&amp;ssl=1 768w, https:\/\/i0.wp.com\/beat4people.com\/wp-content\/uploads\/2021\/08\/El_m_dico_de_Budapest-231195149-large.jpg?resize=696%2C1031&amp;ssl=1 696w, https:\/\/i0.wp.com\/beat4people.com\/wp-content\/uploads\/2021\/08\/El_m_dico_de_Budapest-231195149-large.jpg?resize=284%2C420&amp;ssl=1 284w\" sizes=\"(max-width: 376px) 100vw, 376px\" data-recalc-dims=\"1\" \/><\/a>40 a\u00f1os han pasado desde que Istv\u00e1n Szab\u00f3 toc\u00f3 el cielo de los cin\u00e9filos con su inolvidable <em><a href=\"https:\/\/www.filmaffinity.com\/es\/film357580.html\">Mephisto<\/a><\/em>, logrando el primer y \u00fanico \u00d3scar, hasta <em><a href=\"https:\/\/www.filmaffinity.com\/es\/film697248.html\">El hijo de Sa\u00fal<\/a><\/em>, para su pa\u00eds, Hungr\u00eda. Casi medio siglo despu\u00e9s, Istv\u00e1n, nos sorprende con <em><a href=\"https:\/\/www.filmaffinity.com\/es\/film521262.html\">El M\u00e9dico de Budapest<\/a><\/em>, una cr\u00edtica al sistema m\u00e9dico, en su vertiente m\u00e1s universal, y por otro lado, al entorno m\u00e1s rural, desde un punto de vista m\u00e1s local.<\/p>\n<p style=\"text-align: justify;\">El <em><a href=\"https:\/\/www.acontracorrientefilms.com\/film\/detail\/zarojelentes\/in-cinemas\">M\u00e9dico de Budapest<\/a><\/em> se centra h\u00e1bilmente en una cuesti\u00f3n inicial, el problema de la asistencia sanitaria h\u00fangara, aunque no veremos nada que no hayamos sufrido por nuestros lares, para r\u00e1pidamente trasladarnos a zonas m\u00e1s rurales en las que nos enfrentaremos a situaciones c\u00f3micas, basadas en el choque cultural a otras m\u00e1s dram\u00e1ticas.<\/p>\n<p style=\"text-align: justify;\">As\u00ed, la pel\u00edcula no es tanto una alegor\u00eda o par\u00e1bola pol\u00edtico \u2013 social, sino m\u00e1s bien una cr\u00edtica a la sociedad en general, desde aquella que es capaz de arruinar vidas en los entornos m\u00e1s cosmopolitas hasta aquella que es capaz de destrozarlas en ambientes m\u00e1s provincianos. Istv\u00e1n Szab\u00f3 es capaz de hacernos sonre\u00edr con un demoledor drama mientras nos hace creer que estamos disfrutando de una comedia coral repleta de gagas a la francesa.<\/p>\n<p style=\"text-align: justify;\">Con intenci\u00f3n de suavizar la respuesta de la audiencia espa\u00f1ola, mediante el t\u00edtulo en castellano, <em>El \u00faltimo informe<\/em>, seg\u00fan su traducci\u00f3n directa<em> o<\/em> <em>Z\u00e1r\u00f3jelent\u00e9s<\/em>, en h\u00fangaro original, Istv\u00e1n Szab\u00f3 nos plantea, con su asombroso talento para narrar con su poes\u00eda visual, un relato crepuscular que, lejos de aburrirnos, como en un inicio puede parecer, y a sentirnos in\u00fatiles, finaliza con una interesante reflexi\u00f3n, deseando que nuestros actos no terminen haciendo m\u00e1s da\u00f1o del necesario.<\/p>\n<p>V\u00edctor Sancha Ruiznavarro<\/p>\n\n\n<div class=\"kk-star-ratings kksr-auto kksr-align-left kksr-valign-bottom\"\n    data-payload='{&quot;align&quot;:&quot;left&quot;,&quot;id&quot;:&quot;3040&quot;,&quot;slug&quot;:&quot;default&quot;,&quot;valign&quot;:&quot;bottom&quot;,&quot;ignore&quot;:&quot;&quot;,&quot;reference&quot;:&quot;auto&quot;,&quot;class&quot;:&quot;&quot;,&quot;count&quot;:&quot;0&quot;,&quot;legendonly&quot;:&quot;&quot;,&quot;readonly&quot;:&quot;&quot;,&quot;score&quot;:&quot;0&quot;,&quot;starsonly&quot;:&quot;&quot;,&quot;best&quot;:&quot;5&quot;,&quot;gap&quot;:&quot;5&quot;,&quot;greet&quot;:&quot;Rate this post&quot;,&quot;legend&quot;:&quot;0\\\/5 - (0 votos)&quot;,&quot;size&quot;:&quot;24&quot;,&quot;title&quot;:&quot;El retorno de Istv\\u00e1n Szab\\u00f3&quot;,&quot;width&quot;:&quot;0&quot;,&quot;_legend&quot;:&quot;{score}\\\/{best} - ({count} {votes})&quot;,&quot;font_factor&quot;:&quot;1.25&quot;}'>\n            \n<div class=\"kksr-stars\">\n    \n<div class=\"kksr-stars-inactive\">\n            <div class=\"kksr-star\" data-star=\"1\" style=\"padding-right: 5px\">\n            \n\n<div class=\"kksr-icon\" style=\"width: 24px; height: 24px;\"><\/div>\n        <\/div>\n            <div class=\"kksr-star\" data-star=\"2\" style=\"padding-right: 5px\">\n            \n\n<div class=\"kksr-icon\" style=\"width: 24px; height: 24px;\"><\/div>\n        <\/div>\n            <div class=\"kksr-star\" data-star=\"3\" style=\"padding-right: 5px\">\n            \n\n<div class=\"kksr-icon\" style=\"width: 24px; height: 24px;\"><\/div>\n        <\/div>\n            <div class=\"kksr-star\" data-star=\"4\" style=\"padding-right: 5px\">\n            \n\n<div class=\"kksr-icon\" style=\"width: 24px; height: 24px;\"><\/div>\n        <\/div>\n            <div class=\"kksr-star\" data-star=\"5\" style=\"padding-right: 5px\">\n            \n\n<div class=\"kksr-icon\" style=\"width: 24px; height: 24px;\"><\/div>\n        <\/div>\n    <\/div>\n    \n<div class=\"kksr-stars-active\" style=\"width: 0px;\">\n            <div class=\"kksr-star\" style=\"padding-right: 5px\">\n            \n\n<div class=\"kksr-icon\" style=\"width: 24px; height: 24px;\"><\/div>\n        <\/div>\n            <div class=\"kksr-star\" style=\"padding-right: 5px\">\n            \n\n<div class=\"kksr-icon\" style=\"width: 24px; height: 24px;\"><\/div>\n        <\/div>\n            <div class=\"kksr-star\" style=\"padding-right: 5px\">\n            \n\n<div class=\"kksr-icon\" style=\"width: 24px; height: 24px;\"><\/div>\n        <\/div>\n            <div class=\"kksr-star\" style=\"padding-right: 5px\">\n            \n\n<div class=\"kksr-icon\" style=\"width: 24px; height: 24px;\"><\/div>\n        <\/div>\n            <div class=\"kksr-star\" style=\"padding-right: 5px\">\n            \n\n<div class=\"kksr-icon\" style=\"width: 24px; height: 24px;\"><\/div>\n        <\/div>\n    <\/div>\n<\/div>\n                \n\n<div class=\"kksr-legend\" style=\"font-size: 19.2px;\">\n            <span class=\"kksr-muted\">Rate this post<\/span>\n    <\/div>\n    <\/div>\n","protected":false},"excerpt":{"rendered":"<p>40 a\u00f1os han pasado desde que Istv\u00e1n Szab\u00f3 toc\u00f3 el cielo de los cin\u00e9filos con su inolvidable Mephisto, logrando el primer y \u00fanico \u00d3scar, hasta El hijo de Sa\u00fal, para su pa\u00eds, Hungr\u00eda. Casi medio siglo despu\u00e9s, Istv\u00e1n, nos sorprende con El M\u00e9dico de Budapest, una cr\u00edtica al sistema m\u00e9dico, en su vertiente m\u00e1s universal, <\/p>\n","protected":false},"author":4,"featured_media":3041,"comment_status":"open","ping_status":"closed","sticky":false,"template":"","format":"standard","meta":{"jetpack_post_was_ever_published":false,"_jetpack_newsletter_access":"","footnotes":"","jetpack_publicize_message":"","jetpack_is_tweetstorm":false,"jetpack_publicize_feature_enabled":true,"jetpack_social_post_already_shared":true,"jetpack_social_options":{"image_generator_settings":{"template":"highway","enabled":false}}},"categories":[2],"tags":[94],"jetpack_publicize_connections":[],"aioseo_notices":[],"jetpack_featured_media_url":"https:\/\/i0.wp.com\/beat4people.com\/wp-content\/uploads\/2021\/08\/1628776000_250850_1628776523_noticia_normal.jpg?fit=1080%2C607&ssl=1","jetpack_sharing_enabled":true,"jetpack_likes_enabled":true,"jetpack-related-posts":[],"_links":{"self":[{"href":"https:\/\/beat4people.com\/index.php\/wp-json\/wp\/v2\/posts\/3040"}],"collection":[{"href":"https:\/\/beat4people.com\/index.php\/wp-json\/wp\/v2\/posts"}],"about":[{"href":"https:\/\/beat4people.com\/index.php\/wp-json\/wp\/v2\/types\/post"}],"author":[{"embeddable":true,"href":"https:\/\/beat4people.com\/index.php\/wp-json\/wp\/v2\/users\/4"}],"replies":[{"embeddable":true,"href":"https:\/\/beat4people.com\/index.php\/wp-json\/wp\/v2\/comments?post=3040"}],"version-history":[{"count":1,"href":"https:\/\/beat4people.com\/index.php\/wp-json\/wp\/v2\/posts\/3040\/revisions"}],"predecessor-version":[{"id":3043,"href":"https:\/\/beat4people.com\/index.php\/wp-json\/wp\/v2\/posts\/3040\/revisions\/3043"}],"wp:featuredmedia":[{"embeddable":true,"href":"https:\/\/beat4people.com\/index.php\/wp-json\/wp\/v2\/media\/3041"}],"wp:attachment":[{"href":"https:\/\/beat4people.com\/index.php\/wp-json\/wp\/v2\/media?parent=3040"}],"wp:term":[{"taxonomy":"category","embeddable":true,"href":"https:\/\/beat4people.com\/index.php\/wp-json\/wp\/v2\/categories?post=3040"},{"taxonomy":"post_tag","embeddable":true,"href":"https:\/\/beat4people.com\/index.php\/wp-json\/wp\/v2\/tags?post=3040"}],"curies":[{"name":"wp","href":"https:\/\/api.w.org\/{rel}","templated":true}]}}