{"id":308,"date":"2016-02-18T18:44:41","date_gmt":"2016-02-18T18:44:41","guid":{"rendered":"http:\/\/beat4people.com\/?p=308"},"modified":"2016-02-22T08:10:01","modified_gmt":"2016-02-22T08:10:01","slug":"la-corona-partida-entre-isabel-y-carlos-v","status":"publish","type":"post","link":"https:\/\/beat4people.com\/index.php\/2016\/02\/18\/la-corona-partida-entre-isabel-y-carlos-v\/","title":{"rendered":"La corona partida: entre Isabel y Carlos V"},"content":{"rendered":"<p style=\"text-align: justify;\"><a href=\"https:\/\/i0.wp.com\/beat4people.com\/wp-content\/uploads\/2016\/02\/IMG_5833-1.jpg\" rel=\"attachment wp-att-312\"><img data-attachment-id=\"312\" data-permalink=\"https:\/\/beat4people.com\/index.php\/2016\/02\/18\/la-corona-partida-entre-isabel-y-carlos-v\/img_5833-2\/\" data-orig-file=\"https:\/\/i0.wp.com\/beat4people.com\/wp-content\/uploads\/2016\/02\/IMG_5833-1.jpg?fit=1968%2C2772&amp;ssl=1\" data-orig-size=\"1968,2772\" data-comments-opened=\"1\" data-image-meta=\"{&quot;aperture&quot;:&quot;3.5&quot;,&quot;credit&quot;:&quot;&quot;,&quot;camera&quot;:&quot;Canon EOS 7D&quot;,&quot;caption&quot;:&quot;&quot;,&quot;created_timestamp&quot;:&quot;1455620785&quot;,&quot;copyright&quot;:&quot;&quot;,&quot;focal_length&quot;:&quot;30&quot;,&quot;iso&quot;:&quot;250&quot;,&quot;shutter_speed&quot;:&quot;0.025&quot;,&quot;title&quot;:&quot;&quot;,&quot;orientation&quot;:&quot;1&quot;}\" data-image-title=\"IMG_5833\" data-image-description=\"\" data-image-caption=\"\" data-medium-file=\"https:\/\/i0.wp.com\/beat4people.com\/wp-content\/uploads\/2016\/02\/IMG_5833-1.jpg?fit=213%2C300&amp;ssl=1\" data-large-file=\"https:\/\/i0.wp.com\/beat4people.com\/wp-content\/uploads\/2016\/02\/IMG_5833-1.jpg?fit=640%2C901&amp;ssl=1\" decoding=\"async\" loading=\"lazy\" class=\"size-medium wp-image-312 alignleft\" src=\"https:\/\/i0.wp.com\/beat4people.com\/wp-content\/uploads\/2016\/02\/IMG_5833-1-213x300.jpg?resize=213%2C300\" alt=\"IMG_5833\" width=\"213\" height=\"300\" srcset=\"https:\/\/i0.wp.com\/beat4people.com\/wp-content\/uploads\/2016\/02\/IMG_5833-1.jpg?resize=213%2C300&amp;ssl=1 213w, https:\/\/i0.wp.com\/beat4people.com\/wp-content\/uploads\/2016\/02\/IMG_5833-1.jpg?resize=768%2C1082&amp;ssl=1 768w, https:\/\/i0.wp.com\/beat4people.com\/wp-content\/uploads\/2016\/02\/IMG_5833-1.jpg?resize=727%2C1024&amp;ssl=1 727w, https:\/\/i0.wp.com\/beat4people.com\/wp-content\/uploads\/2016\/02\/IMG_5833-1.jpg?resize=696%2C980&amp;ssl=1 696w, https:\/\/i0.wp.com\/beat4people.com\/wp-content\/uploads\/2016\/02\/IMG_5833-1.jpg?resize=1068%2C1504&amp;ssl=1 1068w, https:\/\/i0.wp.com\/beat4people.com\/wp-content\/uploads\/2016\/02\/IMG_5833-1.jpg?resize=298%2C420&amp;ssl=1 298w, https:\/\/i0.wp.com\/beat4people.com\/wp-content\/uploads\/2016\/02\/IMG_5833-1.jpg?w=1968&amp;ssl=1 1968w, https:\/\/i0.wp.com\/beat4people.com\/wp-content\/uploads\/2016\/02\/IMG_5833-1.jpg?w=1280&amp;ssl=1 1280w\" sizes=\"(max-width: 213px) 100vw, 213px\" data-recalc-dims=\"1\" \/><\/a>Este viernes 19 de febrero llega a los cines: <a href=\"http:\/\/www.rtve.es\/alacarta\/videos\/carlos-rey-emperador\/trailer-corona-partida\/3458241\/\" target=\"_blank\"><em>La Corona Partida<\/em><\/a>, proyecto continuista y nexo\u00a0de las series televisivas <a href=\"http:\/\/www.rtve.es\/television\/isabel-la-catolica\/\" target=\"_blank\"><em>Isabel<\/em><\/a> y <a href=\"http:\/\/www.rtve.es\/alacarta\/videos\/carlos-rey-emperador\/\" target=\"_blank\"><em>Carlos, Rey Emperador<\/em><\/a>, que lograr\u00e1 hacer las delicias de sus\u00a0seguidores y de los amantes del cine hist\u00f3rico.<\/p>\n<p style=\"text-align: justify;\">Largometraje coproducido por DIAGONAL TV y\u00a0R. ZINMAN PRODUCTIONS,\u00a0 participada por TVE y ELIPSIS CAPITAL, y distribuida por A CONTRACORRIENTE FILMS, que significa el debut en la gran pantalla de Jordi Frades \u2013director de la serie Isabel-.<\/p>\n<p style=\"text-align: justify;\">Con un presupuesto de menos de 2.000.000 euros y en un tiempo record de grabaci\u00f3n, apenas 5 semanas, Jordi Frades se ha valido de un gran elenco de actores encabezados por una magistral Irene Escolar -reciente ganadora del Goya a actriz revelaci\u00f3n-, que hace de <em>Juana La loca <\/em>centro y eje de toda la historia.<\/p>\n<p style=\"text-align: justify;\">Completan este cuadro hist\u00f3rico Rodolfo Sancho, Ra\u00fal M\u00e9rida, Eusebio Poncela, Fernando Guill\u00e9n Cuervo, Jacobo Dicenta, \u00darsula Corber\u00f3 y Silvia Alonso. Adem\u00e1s de la colaboraci\u00f3n especial de Jos\u00e9 Coronado como Maximiliano de Habsburbo y Michelle Jenner interpretando de nuevo a la eterna Isabel.<\/p>\n<p style=\"text-align: justify;\">La pel\u00edcula relata el momento de ingobernabilidad en Espa\u00f1a desde la muerte de Isabel la Cat\u00f3lica y hasta la llegada al trono de su nieto, el Emperador Carlos V, utilizando como centro\u00a0narrativo de toda la historia la figura de Juana la Loca (en su condici\u00f3n de hija y, a la vez, esposa y reina), quien lucha por dar continuidad al legado dejado por su madre, Isabel la Cat\u00f3lica.<\/p>\n\n\n<div class=\"kk-star-ratings kksr-auto kksr-align-left kksr-valign-bottom\"\n    data-payload='{&quot;align&quot;:&quot;left&quot;,&quot;id&quot;:&quot;308&quot;,&quot;slug&quot;:&quot;default&quot;,&quot;valign&quot;:&quot;bottom&quot;,&quot;ignore&quot;:&quot;&quot;,&quot;reference&quot;:&quot;auto&quot;,&quot;class&quot;:&quot;&quot;,&quot;count&quot;:&quot;8&quot;,&quot;legendonly&quot;:&quot;&quot;,&quot;readonly&quot;:&quot;&quot;,&quot;score&quot;:&quot;5&quot;,&quot;starsonly&quot;:&quot;&quot;,&quot;best&quot;:&quot;5&quot;,&quot;gap&quot;:&quot;5&quot;,&quot;greet&quot;:&quot;Rate this post&quot;,&quot;legend&quot;:&quot;5\\\/5 - (8 votos)&quot;,&quot;size&quot;:&quot;24&quot;,&quot;title&quot;:&quot;La corona partida: entre Isabel y Carlos V&quot;,&quot;width&quot;:&quot;142.5&quot;,&quot;_legend&quot;:&quot;{score}\\\/{best} - ({count} {votes})&quot;,&quot;font_factor&quot;:&quot;1.25&quot;}'>\n            \n<div class=\"kksr-stars\">\n    \n<div class=\"kksr-stars-inactive\">\n            <div class=\"kksr-star\" data-star=\"1\" style=\"padding-right: 5px\">\n            \n\n<div class=\"kksr-icon\" style=\"width: 24px; height: 24px;\"><\/div>\n        <\/div>\n            <div class=\"kksr-star\" data-star=\"2\" style=\"padding-right: 5px\">\n            \n\n<div class=\"kksr-icon\" style=\"width: 24px; height: 24px;\"><\/div>\n        <\/div>\n            <div class=\"kksr-star\" data-star=\"3\" style=\"padding-right: 5px\">\n            \n\n<div class=\"kksr-icon\" style=\"width: 24px; height: 24px;\"><\/div>\n        <\/div>\n            <div class=\"kksr-star\" data-star=\"4\" style=\"padding-right: 5px\">\n            \n\n<div class=\"kksr-icon\" style=\"width: 24px; height: 24px;\"><\/div>\n        <\/div>\n            <div class=\"kksr-star\" data-star=\"5\" style=\"padding-right: 5px\">\n            \n\n<div class=\"kksr-icon\" style=\"width: 24px; height: 24px;\"><\/div>\n        <\/div>\n    <\/div>\n    \n<div class=\"kksr-stars-active\" style=\"width: 142.5px;\">\n            <div class=\"kksr-star\" style=\"padding-right: 5px\">\n            \n\n<div class=\"kksr-icon\" style=\"width: 24px; height: 24px;\"><\/div>\n        <\/div>\n            <div class=\"kksr-star\" style=\"padding-right: 5px\">\n            \n\n<div class=\"kksr-icon\" style=\"width: 24px; height: 24px;\"><\/div>\n        <\/div>\n            <div class=\"kksr-star\" style=\"padding-right: 5px\">\n            \n\n<div class=\"kksr-icon\" style=\"width: 24px; height: 24px;\"><\/div>\n        <\/div>\n            <div class=\"kksr-star\" style=\"padding-right: 5px\">\n            \n\n<div class=\"kksr-icon\" style=\"width: 24px; height: 24px;\"><\/div>\n        <\/div>\n            <div class=\"kksr-star\" style=\"padding-right: 5px\">\n            \n\n<div class=\"kksr-icon\" style=\"width: 24px; height: 24px;\"><\/div>\n        <\/div>\n    <\/div>\n<\/div>\n                \n\n<div class=\"kksr-legend\" style=\"font-size: 19.2px;\">\n            5\/5 - (8 votos)    <\/div>\n    <\/div>\n","protected":false},"excerpt":{"rendered":"<p>Este viernes 19 de febrero llega a los cines: La Corona Partida, proyecto continuista y nexo\u00a0de las series televisivas Isabel y Carlos, Rey Emperador, que lograr\u00e1 hacer las delicias de sus\u00a0seguidores y de los amantes del cine hist\u00f3rico. Largometraje coproducido por DIAGONAL TV y\u00a0R. ZINMAN PRODUCTIONS,\u00a0 participada por TVE y ELIPSIS CAPITAL, y distribuida por <\/p>\n","protected":false},"author":5,"featured_media":310,"comment_status":"open","ping_status":"closed","sticky":false,"template":"","format":"standard","meta":{"jetpack_post_was_ever_published":false,"_jetpack_newsletter_access":"","footnotes":"","jetpack_publicize_message":"","jetpack_is_tweetstorm":false,"jetpack_publicize_feature_enabled":true,"jetpack_social_post_already_shared":true,"jetpack_social_options":{"image_generator_settings":{"template":"highway","enabled":false}}},"categories":[2],"tags":[82],"jetpack_publicize_connections":[],"aioseo_notices":[],"jetpack_featured_media_url":"https:\/\/i0.wp.com\/beat4people.com\/wp-content\/uploads\/2016\/02\/IMG_5921.jpg?fit=5184%2C3456&ssl=1","jetpack_sharing_enabled":true,"jetpack_likes_enabled":true,"jetpack-related-posts":[],"_links":{"self":[{"href":"https:\/\/beat4people.com\/index.php\/wp-json\/wp\/v2\/posts\/308"}],"collection":[{"href":"https:\/\/beat4people.com\/index.php\/wp-json\/wp\/v2\/posts"}],"about":[{"href":"https:\/\/beat4people.com\/index.php\/wp-json\/wp\/v2\/types\/post"}],"author":[{"embeddable":true,"href":"https:\/\/beat4people.com\/index.php\/wp-json\/wp\/v2\/users\/5"}],"replies":[{"embeddable":true,"href":"https:\/\/beat4people.com\/index.php\/wp-json\/wp\/v2\/comments?post=308"}],"version-history":[{"count":0,"href":"https:\/\/beat4people.com\/index.php\/wp-json\/wp\/v2\/posts\/308\/revisions"}],"wp:featuredmedia":[{"embeddable":true,"href":"https:\/\/beat4people.com\/index.php\/wp-json\/wp\/v2\/media\/310"}],"wp:attachment":[{"href":"https:\/\/beat4people.com\/index.php\/wp-json\/wp\/v2\/media?parent=308"}],"wp:term":[{"taxonomy":"category","embeddable":true,"href":"https:\/\/beat4people.com\/index.php\/wp-json\/wp\/v2\/categories?post=308"},{"taxonomy":"post_tag","embeddable":true,"href":"https:\/\/beat4people.com\/index.php\/wp-json\/wp\/v2\/tags?post=308"}],"curies":[{"name":"wp","href":"https:\/\/api.w.org\/{rel}","templated":true}]}}