{"id":3203,"date":"2022-01-28T00:50:37","date_gmt":"2022-01-27T23:50:37","guid":{"rendered":"https:\/\/beat4people.com\/?p=3203"},"modified":"2022-01-28T00:50:37","modified_gmt":"2022-01-27T23:50:37","slug":"cuando-la-ancestral-oscuridad-invade-lo-cotidiano-y-familiar","status":"publish","type":"post","link":"https:\/\/beat4people.com\/index.php\/2022\/01\/28\/cuando-la-ancestral-oscuridad-invade-lo-cotidiano-y-familiar\/","title":{"rendered":"Cuando la ancestral oscuridad invade lo cotidiano y familiar"},"content":{"rendered":"<p style=\"text-align: justify;\"><a href=\"https:\/\/i0.wp.com\/beat4people.com\/wp-content\/uploads\/2022\/01\/la_abuela-214322397-large.jpg?ssl=1\"><img data-attachment-id=\"3204\" data-permalink=\"https:\/\/beat4people.com\/index.php\/2022\/01\/28\/cuando-la-ancestral-oscuridad-invade-lo-cotidiano-y-familiar\/la_abuela-214322397-large\/\" data-orig-file=\"https:\/\/i0.wp.com\/beat4people.com\/wp-content\/uploads\/2022\/01\/la_abuela-214322397-large.jpg?fit=832%2C1200&amp;ssl=1\" data-orig-size=\"832,1200\" data-comments-opened=\"1\" data-image-meta=\"{&quot;aperture&quot;:&quot;0&quot;,&quot;credit&quot;:&quot;&quot;,&quot;camera&quot;:&quot;&quot;,&quot;caption&quot;:&quot;&quot;,&quot;created_timestamp&quot;:&quot;0&quot;,&quot;copyright&quot;:&quot;&quot;,&quot;focal_length&quot;:&quot;0&quot;,&quot;iso&quot;:&quot;0&quot;,&quot;shutter_speed&quot;:&quot;0&quot;,&quot;title&quot;:&quot;&quot;,&quot;orientation&quot;:&quot;0&quot;}\" data-image-title=\"la_abuela-214322397-large\" data-image-description=\"\" data-image-caption=\"\" data-medium-file=\"https:\/\/i0.wp.com\/beat4people.com\/wp-content\/uploads\/2022\/01\/la_abuela-214322397-large.jpg?fit=208%2C300&amp;ssl=1\" data-large-file=\"https:\/\/i0.wp.com\/beat4people.com\/wp-content\/uploads\/2022\/01\/la_abuela-214322397-large.jpg?fit=640%2C923&amp;ssl=1\" decoding=\"async\" loading=\"lazy\" class=\"wp-image-3204 alignleft\" src=\"https:\/\/i0.wp.com\/beat4people.com\/wp-content\/uploads\/2022\/01\/la_abuela-214322397-large.jpg?resize=406%2C586&#038;ssl=1\" alt=\"\" width=\"406\" height=\"586\" srcset=\"https:\/\/i0.wp.com\/beat4people.com\/wp-content\/uploads\/2022\/01\/la_abuela-214322397-large.jpg?w=832&amp;ssl=1 832w, https:\/\/i0.wp.com\/beat4people.com\/wp-content\/uploads\/2022\/01\/la_abuela-214322397-large.jpg?resize=208%2C300&amp;ssl=1 208w, https:\/\/i0.wp.com\/beat4people.com\/wp-content\/uploads\/2022\/01\/la_abuela-214322397-large.jpg?resize=710%2C1024&amp;ssl=1 710w, https:\/\/i0.wp.com\/beat4people.com\/wp-content\/uploads\/2022\/01\/la_abuela-214322397-large.jpg?resize=768%2C1108&amp;ssl=1 768w, https:\/\/i0.wp.com\/beat4people.com\/wp-content\/uploads\/2022\/01\/la_abuela-214322397-large.jpg?resize=696%2C1004&amp;ssl=1 696w, https:\/\/i0.wp.com\/beat4people.com\/wp-content\/uploads\/2022\/01\/la_abuela-214322397-large.jpg?resize=291%2C420&amp;ssl=1 291w\" sizes=\"(max-width: 406px) 100vw, 406px\" data-recalc-dims=\"1\" \/><\/a>Atm\u00f3sfera sonora inquietante gracias a un tic tac producido por un reloj de pulsera y el tr\u00e1fico de fondo; Pilar, la abuela (Vera Valdez, quien nos recuerda a la eterna <a href=\"https:\/\/www.imdb.com\/name\/nm0701715\/\">Terele P\u00e1vez<\/a>,) en una tranquila y c\u00e9ntrica cafeter\u00eda madrile\u00f1a fuera de las horas punta; y luego su aparentemente apacible caminar con el traqueteo del bast\u00f3n.<\/p>\n<p style=\"text-align: justify;\">As\u00ed nos introduce Paco Plaza, el ya consagrado maestro del terror, en su nueva pel\u00edcula, <em><a href=\"https:\/\/www.filmaffinity.com\/es\/film453220.html\">La Abuela<\/a><\/em>, que Sony estrena en cines hoy, 28 de enero.<\/p>\n<p style=\"text-align: justify;\">Lo siguiente que vemos es a la abuela, yaciendo sobre la alfombra de su hogar, y la aparici\u00f3n de una joven desnuda.<\/p>\n<p style=\"text-align: justify;\">A partir de ah\u00ed, Paco Plaza nos narra una historia llena de contrastes y unos personajes que, dentro de la normalidad y apacible familiaridad, no dejan de inquietarnos.<\/p>\n<p style=\"text-align: justify;\">Si en <em>Ver\u00f3nica<\/em>, la anterior pel\u00edcula de Paco Plaza, el trasfondo era la historia real de unas amigas que deciden hacer la ouija en el humilde barrio obrero de Vallecas, aqu\u00ed es la historia de Susana, la nieta, (Almudena Amor), modelo de profesi\u00f3n, en Par\u00eds, donde se nos desvela brevemente el mundo de la moda entre bastidores, hasta que se ve obligada a volver a Madrid cuando enferma Pilar.<\/p>\n<p style=\"text-align: justify;\">En ese momento, con un acertado juego de luces y risas deformadas hasta parecer siniestras, Paco Plaza nos lleva de la alegr\u00eda de Susana a su tristeza, inquietud y, poco a poco, al horror de una pesadilla tan inexplicable, pero diferente, como la ouija de <em>Ver\u00f3nica<\/em>.<\/p>\n<p style=\"text-align: justify;\">Ning\u00fan plano, secuencia, gesto o di\u00e1logo est\u00e1 dem\u00e1s en este filme del que ya os hablaba <a href=\"https:\/\/twitter.com\/Juanlu_num7\">Juan Luis<\/a> en el \u00faltimo <a href=\"https:\/\/youtu.be\/4bORPPgGuVo\">v\u00eddeo<\/a> sobre recomendaciones. Cada uno esconde detalles, pistas, como acostumbra a hacer Paco Plaza, que, sin necesidad de di\u00e1logos, nos narra c\u00f3mo va adapt\u00e1ndose la nieta a su nueva vida como cuidadora de su abuela, entre recuerdos y los viejos muebles del antiguo pero elegante piso enfrente del Retiro, alternado entre lo alegre, lo triste, lo tenebroso y lo angustioso.<\/p>\n<p style=\"text-align: justify;\">Como es habitual en este g\u00e9nero, los espejos, luces, sombras y efectos sonoros, (m\u00e1s la m\u00fasica), y unas interpretaciones muy meritorias, hacen el resto para terminar de atraparnos y dejarnos casi sin aire hasta el final en el que, inexorable e inquietantemente, la demencia va dando paso a un desesperante, oscuro, ancestral y abismal terror.<\/p>\n<p style=\"text-align: justify;\"><a href=\"https:\/\/i0.wp.com\/beat4people.com\/wp-content\/uploads\/2022\/01\/La_abuela-938513782-large.jpg?ssl=1\"><img data-attachment-id=\"3206\" data-permalink=\"https:\/\/beat4people.com\/index.php\/2022\/01\/28\/cuando-la-ancestral-oscuridad-invade-lo-cotidiano-y-familiar\/la_abuela-938513782-large\/\" data-orig-file=\"https:\/\/i0.wp.com\/beat4people.com\/wp-content\/uploads\/2022\/01\/La_abuela-938513782-large.jpg?fit=1799%2C1200&amp;ssl=1\" data-orig-size=\"1799,1200\" data-comments-opened=\"1\" data-image-meta=\"{&quot;aperture&quot;:&quot;0&quot;,&quot;credit&quot;:&quot;&quot;,&quot;camera&quot;:&quot;&quot;,&quot;caption&quot;:&quot;&quot;,&quot;created_timestamp&quot;:&quot;0&quot;,&quot;copyright&quot;:&quot;&quot;,&quot;focal_length&quot;:&quot;0&quot;,&quot;iso&quot;:&quot;0&quot;,&quot;shutter_speed&quot;:&quot;0&quot;,&quot;title&quot;:&quot;&quot;,&quot;orientation&quot;:&quot;0&quot;}\" data-image-title=\"La_abuela-938513782-large\" data-image-description=\"\" data-image-caption=\"\" data-medium-file=\"https:\/\/i0.wp.com\/beat4people.com\/wp-content\/uploads\/2022\/01\/La_abuela-938513782-large.jpg?fit=300%2C200&amp;ssl=1\" data-large-file=\"https:\/\/i0.wp.com\/beat4people.com\/wp-content\/uploads\/2022\/01\/La_abuela-938513782-large.jpg?fit=640%2C427&amp;ssl=1\" decoding=\"async\" loading=\"lazy\" class=\" wp-image-3206 aligncenter\" src=\"https:\/\/i0.wp.com\/beat4people.com\/wp-content\/uploads\/2022\/01\/La_abuela-938513782-large.jpg?resize=602%2C401&#038;ssl=1\" alt=\"\" width=\"602\" height=\"401\" srcset=\"https:\/\/i0.wp.com\/beat4people.com\/wp-content\/uploads\/2022\/01\/La_abuela-938513782-large.jpg?w=1799&amp;ssl=1 1799w, https:\/\/i0.wp.com\/beat4people.com\/wp-content\/uploads\/2022\/01\/La_abuela-938513782-large.jpg?resize=300%2C200&amp;ssl=1 300w, https:\/\/i0.wp.com\/beat4people.com\/wp-content\/uploads\/2022\/01\/La_abuela-938513782-large.jpg?resize=1024%2C683&amp;ssl=1 1024w, https:\/\/i0.wp.com\/beat4people.com\/wp-content\/uploads\/2022\/01\/La_abuela-938513782-large.jpg?resize=768%2C512&amp;ssl=1 768w, https:\/\/i0.wp.com\/beat4people.com\/wp-content\/uploads\/2022\/01\/La_abuela-938513782-large.jpg?resize=1536%2C1025&amp;ssl=1 1536w, https:\/\/i0.wp.com\/beat4people.com\/wp-content\/uploads\/2022\/01\/La_abuela-938513782-large.jpg?resize=696%2C464&amp;ssl=1 696w, https:\/\/i0.wp.com\/beat4people.com\/wp-content\/uploads\/2022\/01\/La_abuela-938513782-large.jpg?resize=1068%2C712&amp;ssl=1 1068w, https:\/\/i0.wp.com\/beat4people.com\/wp-content\/uploads\/2022\/01\/La_abuela-938513782-large.jpg?resize=630%2C420&amp;ssl=1 630w, https:\/\/i0.wp.com\/beat4people.com\/wp-content\/uploads\/2022\/01\/La_abuela-938513782-large.jpg?w=1280&amp;ssl=1 1280w\" sizes=\"(max-width: 602px) 100vw, 602px\" data-recalc-dims=\"1\" \/><\/a><a href=\"https:\/\/twitter.com\/eduvicu\">@EduVicu<\/a><\/p>\n\n\n<div class=\"kk-star-ratings kksr-auto kksr-align-left kksr-valign-bottom\"\n    data-payload='{&quot;align&quot;:&quot;left&quot;,&quot;id&quot;:&quot;3203&quot;,&quot;slug&quot;:&quot;default&quot;,&quot;valign&quot;:&quot;bottom&quot;,&quot;ignore&quot;:&quot;&quot;,&quot;reference&quot;:&quot;auto&quot;,&quot;class&quot;:&quot;&quot;,&quot;count&quot;:&quot;0&quot;,&quot;legendonly&quot;:&quot;&quot;,&quot;readonly&quot;:&quot;&quot;,&quot;score&quot;:&quot;0&quot;,&quot;starsonly&quot;:&quot;&quot;,&quot;best&quot;:&quot;5&quot;,&quot;gap&quot;:&quot;5&quot;,&quot;greet&quot;:&quot;Rate this post&quot;,&quot;legend&quot;:&quot;0\\\/5 - (0 votos)&quot;,&quot;size&quot;:&quot;24&quot;,&quot;title&quot;:&quot;Cuando la ancestral oscuridad invade lo cotidiano y familiar&quot;,&quot;width&quot;:&quot;0&quot;,&quot;_legend&quot;:&quot;{score}\\\/{best} - ({count} {votes})&quot;,&quot;font_factor&quot;:&quot;1.25&quot;}'>\n            \n<div class=\"kksr-stars\">\n    \n<div class=\"kksr-stars-inactive\">\n            <div class=\"kksr-star\" data-star=\"1\" style=\"padding-right: 5px\">\n            \n\n<div class=\"kksr-icon\" style=\"width: 24px; height: 24px;\"><\/div>\n        <\/div>\n            <div class=\"kksr-star\" data-star=\"2\" style=\"padding-right: 5px\">\n            \n\n<div class=\"kksr-icon\" style=\"width: 24px; height: 24px;\"><\/div>\n        <\/div>\n            <div class=\"kksr-star\" data-star=\"3\" style=\"padding-right: 5px\">\n            \n\n<div class=\"kksr-icon\" style=\"width: 24px; height: 24px;\"><\/div>\n        <\/div>\n            <div class=\"kksr-star\" data-star=\"4\" style=\"padding-right: 5px\">\n            \n\n<div class=\"kksr-icon\" style=\"width: 24px; height: 24px;\"><\/div>\n        <\/div>\n            <div class=\"kksr-star\" data-star=\"5\" style=\"padding-right: 5px\">\n            \n\n<div class=\"kksr-icon\" style=\"width: 24px; height: 24px;\"><\/div>\n        <\/div>\n    <\/div>\n    \n<div class=\"kksr-stars-active\" style=\"width: 0px;\">\n            <div class=\"kksr-star\" style=\"padding-right: 5px\">\n            \n\n<div class=\"kksr-icon\" style=\"width: 24px; height: 24px;\"><\/div>\n        <\/div>\n            <div class=\"kksr-star\" style=\"padding-right: 5px\">\n            \n\n<div class=\"kksr-icon\" style=\"width: 24px; height: 24px;\"><\/div>\n        <\/div>\n            <div class=\"kksr-star\" style=\"padding-right: 5px\">\n            \n\n<div class=\"kksr-icon\" style=\"width: 24px; height: 24px;\"><\/div>\n        <\/div>\n            <div class=\"kksr-star\" style=\"padding-right: 5px\">\n            \n\n<div class=\"kksr-icon\" style=\"width: 24px; height: 24px;\"><\/div>\n        <\/div>\n            <div class=\"kksr-star\" style=\"padding-right: 5px\">\n            \n\n<div class=\"kksr-icon\" style=\"width: 24px; height: 24px;\"><\/div>\n        <\/div>\n    <\/div>\n<\/div>\n                \n\n<div class=\"kksr-legend\" style=\"font-size: 19.2px;\">\n            <span class=\"kksr-muted\">Rate this post<\/span>\n    <\/div>\n    <\/div>\n","protected":false},"excerpt":{"rendered":"<p>Atm\u00f3sfera sonora inquietante gracias a un tic tac producido por un reloj de pulsera y el tr\u00e1fico de fondo; Pilar, la abuela (Vera Valdez, quien nos recuerda a la eterna Terele P\u00e1vez,) en una tranquila y c\u00e9ntrica cafeter\u00eda madrile\u00f1a fuera de las horas punta; y luego su aparentemente apacible caminar con el traqueteo del bast\u00f3n. <\/p>\n","protected":false},"author":4,"featured_media":3205,"comment_status":"open","ping_status":"closed","sticky":false,"template":"","format":"standard","meta":{"jetpack_post_was_ever_published":false,"_jetpack_newsletter_access":"","footnotes":"","jetpack_publicize_message":"","jetpack_is_tweetstorm":false,"jetpack_publicize_feature_enabled":true,"jetpack_social_post_already_shared":true,"jetpack_social_options":{"image_generator_settings":{"template":"highway","enabled":false}}},"categories":[2],"tags":[147],"jetpack_publicize_connections":[],"aioseo_notices":[],"jetpack_featured_media_url":"https:\/\/i0.wp.com\/beat4people.com\/wp-content\/uploads\/2022\/01\/La_abuela-358737581-large.jpg?fit=1920%2C1037&ssl=1","jetpack_sharing_enabled":true,"jetpack_likes_enabled":true,"jetpack-related-posts":[],"_links":{"self":[{"href":"https:\/\/beat4people.com\/index.php\/wp-json\/wp\/v2\/posts\/3203"}],"collection":[{"href":"https:\/\/beat4people.com\/index.php\/wp-json\/wp\/v2\/posts"}],"about":[{"href":"https:\/\/beat4people.com\/index.php\/wp-json\/wp\/v2\/types\/post"}],"author":[{"embeddable":true,"href":"https:\/\/beat4people.com\/index.php\/wp-json\/wp\/v2\/users\/4"}],"replies":[{"embeddable":true,"href":"https:\/\/beat4people.com\/index.php\/wp-json\/wp\/v2\/comments?post=3203"}],"version-history":[{"count":1,"href":"https:\/\/beat4people.com\/index.php\/wp-json\/wp\/v2\/posts\/3203\/revisions"}],"predecessor-version":[{"id":3207,"href":"https:\/\/beat4people.com\/index.php\/wp-json\/wp\/v2\/posts\/3203\/revisions\/3207"}],"wp:featuredmedia":[{"embeddable":true,"href":"https:\/\/beat4people.com\/index.php\/wp-json\/wp\/v2\/media\/3205"}],"wp:attachment":[{"href":"https:\/\/beat4people.com\/index.php\/wp-json\/wp\/v2\/media?parent=3203"}],"wp:term":[{"taxonomy":"category","embeddable":true,"href":"https:\/\/beat4people.com\/index.php\/wp-json\/wp\/v2\/categories?post=3203"},{"taxonomy":"post_tag","embeddable":true,"href":"https:\/\/beat4people.com\/index.php\/wp-json\/wp\/v2\/tags?post=3203"}],"curies":[{"name":"wp","href":"https:\/\/api.w.org\/{rel}","templated":true}]}}