{"id":3313,"date":"2022-04-27T20:24:59","date_gmt":"2022-04-27T19:24:59","guid":{"rendered":"https:\/\/beat4people.com\/?p=3313"},"modified":"2022-04-27T20:24:59","modified_gmt":"2022-04-27T19:24:59","slug":"en-busca-del-legado-de-anne-frank","status":"publish","type":"post","link":"https:\/\/beat4people.com\/index.php\/2022\/04\/27\/en-busca-del-legado-de-anne-frank\/","title":{"rendered":"En busca del legado de Anne Frank"},"content":{"rendered":"<p style=\"text-align: justify;\"><a href=\"https:\/\/i0.wp.com\/beat4people.com\/wp-content\/uploads\/2022\/04\/70x100_POSTER_ANNEFRANK-scaled.jpg?ssl=1\"><img data-attachment-id=\"3314\" data-permalink=\"https:\/\/beat4people.com\/index.php\/2022\/04\/27\/en-busca-del-legado-de-anne-frank\/70x100_poster_annefrank\/\" data-orig-file=\"https:\/\/i0.wp.com\/beat4people.com\/wp-content\/uploads\/2022\/04\/70x100_POSTER_ANNEFRANK-scaled.jpg?fit=1792%2C2560&amp;ssl=1\" data-orig-size=\"1792,2560\" data-comments-opened=\"1\" data-image-meta=\"{&quot;aperture&quot;:&quot;0&quot;,&quot;credit&quot;:&quot;&quot;,&quot;camera&quot;:&quot;&quot;,&quot;caption&quot;:&quot;&quot;,&quot;created_timestamp&quot;:&quot;0&quot;,&quot;copyright&quot;:&quot;&quot;,&quot;focal_length&quot;:&quot;0&quot;,&quot;iso&quot;:&quot;0&quot;,&quot;shutter_speed&quot;:&quot;0&quot;,&quot;title&quot;:&quot;&quot;,&quot;orientation&quot;:&quot;0&quot;}\" data-image-title=\"70x100_POSTER_ANNEFRANK\" data-image-description=\"\" data-image-caption=\"\" data-medium-file=\"https:\/\/i0.wp.com\/beat4people.com\/wp-content\/uploads\/2022\/04\/70x100_POSTER_ANNEFRANK-scaled.jpg?fit=210%2C300&amp;ssl=1\" data-large-file=\"https:\/\/i0.wp.com\/beat4people.com\/wp-content\/uploads\/2022\/04\/70x100_POSTER_ANNEFRANK-scaled.jpg?fit=640%2C914&amp;ssl=1\" decoding=\"async\" loading=\"lazy\" class=\"wp-image-3314 alignleft\" src=\"https:\/\/i0.wp.com\/beat4people.com\/wp-content\/uploads\/2022\/04\/70x100_POSTER_ANNEFRANK-scaled.jpg?resize=492%2C703&#038;ssl=1\" alt=\"\" width=\"492\" height=\"703\" srcset=\"https:\/\/i0.wp.com\/beat4people.com\/wp-content\/uploads\/2022\/04\/70x100_POSTER_ANNEFRANK-scaled.jpg?w=1792&amp;ssl=1 1792w, https:\/\/i0.wp.com\/beat4people.com\/wp-content\/uploads\/2022\/04\/70x100_POSTER_ANNEFRANK-scaled.jpg?resize=210%2C300&amp;ssl=1 210w, https:\/\/i0.wp.com\/beat4people.com\/wp-content\/uploads\/2022\/04\/70x100_POSTER_ANNEFRANK-scaled.jpg?resize=717%2C1024&amp;ssl=1 717w, https:\/\/i0.wp.com\/beat4people.com\/wp-content\/uploads\/2022\/04\/70x100_POSTER_ANNEFRANK-scaled.jpg?resize=768%2C1097&amp;ssl=1 768w, https:\/\/i0.wp.com\/beat4people.com\/wp-content\/uploads\/2022\/04\/70x100_POSTER_ANNEFRANK-scaled.jpg?resize=1075%2C1536&amp;ssl=1 1075w, https:\/\/i0.wp.com\/beat4people.com\/wp-content\/uploads\/2022\/04\/70x100_POSTER_ANNEFRANK-scaled.jpg?resize=1434%2C2048&amp;ssl=1 1434w, https:\/\/i0.wp.com\/beat4people.com\/wp-content\/uploads\/2022\/04\/70x100_POSTER_ANNEFRANK-scaled.jpg?resize=696%2C994&amp;ssl=1 696w, https:\/\/i0.wp.com\/beat4people.com\/wp-content\/uploads\/2022\/04\/70x100_POSTER_ANNEFRANK-scaled.jpg?resize=1068%2C1526&amp;ssl=1 1068w, https:\/\/i0.wp.com\/beat4people.com\/wp-content\/uploads\/2022\/04\/70x100_POSTER_ANNEFRANK-scaled.jpg?resize=294%2C420&amp;ssl=1 294w, https:\/\/i0.wp.com\/beat4people.com\/wp-content\/uploads\/2022\/04\/70x100_POSTER_ANNEFRANK-scaled.jpg?w=1280&amp;ssl=1 1280w\" sizes=\"(max-width: 492px) 100vw, 492px\" data-recalc-dims=\"1\" \/><\/a>El director Ari Folman, (<em>Vals con Bashir<\/em>, <em>El Congreso<\/em>) coguionista junto a Jani Thiltges (productores a su vez junto a Alexander Rodnyansky) nos trae <em><a href=\"https:\/\/www.vertigofilms.es\/movie\/where-is-anne-frank\/\">\u00bfD\u00f3nde est\u00e1 Anne Frank?<\/a><\/em>, un filme de animaci\u00f3n para todos los p\u00fablicos, muy especialmente recomendado para las nuevas generaciones, y los que ahora tienen las riendas de la comunidad internacional.<\/p>\n<p style=\"text-align: justify;\">Basada en la novela de la propia Ana Frank, visualmente es, con su estilo europeo, una aut\u00e9ntica obra de arte, recordando gracias a la siniestra caracterizaci\u00f3n de los nazis al genial <em>Maus<\/em>, del historietista estadounidense Art Spiegelman.<\/p>\n<p style=\"text-align: justify;\">Pero no se queda en esos paisajes, toques fant\u00e1sticos cuando aparece y desaparece, gracias al diario de Ana Frank, su amiga invisible Kitty o los pesadillescos nazis.<\/p>\n<p style=\"text-align: justify;\">Este filme vuelve a rescatar el Diario de Ana Frank tras la publicaci\u00f3n del original en 1947 por Otto Frank, padre de la desdichada Anne Frank. Pas\u00f3 por el cine y el teatro, (<em>The Diary of a Young Girl <\/em>fue un \u00e9xito en Broadway en 1956 y la pel\u00edcula, de George Stevens gan\u00f3 un Oscar). Poco despu\u00e9s, en 1963, para garantizar que todos los derechos de autor se utilizaran para apoyar obras de caridad y educaci\u00f3n, Otto Frank cre\u00f3 el Fondo Anne Frank en Basilea.<\/p>\n<p style=\"text-align: justify;\">Ahora es su sobrino, Buddy Elias, quien contin\u00faa la labor, siendo el responsable de llevar a cabo este largometraje 75 a\u00f1os despu\u00e9s. &lt;&lt;La Fundaci\u00f3n Anne Frank de Basilea pidi\u00f3 a Ari Folman que escribiera el guion y dirigir la pel\u00edcula. Se necesitaron ocho a\u00f1os para desarrollar este ambicioso proyecto, que muestra por primera vez toda la dimensi\u00f3n del Diario de Anne Frank, abarcando un arco desde su historia hasta la actualidad&gt;&gt;.<\/p>\n<p style=\"text-align: justify;\">Como dec\u00eda, y confiesa el propio Aril Folman, es un filme muy actual, con la intenci\u00f3n de no olvidar aquella tragedia, que no obstante facilit\u00f3 la uni\u00f3n internacional de una vez por todas, y poner el foco en la tragedia actual de tantos miles de refugiados pol\u00edticos. Lo logran de una manera amena, con aventuras y momentos entra\u00f1ables como cuando Kitty conoce al joven Peter, uno de los l\u00edderes de varias familias refugiadas que corren el riesgo de ser expulsados de los Pa\u00edses Bajos.<\/p>\n<p style=\"text-align: justify;\">El Diario de Anne Frank no est\u00e1 escrito para ser algo privado, como ojal\u00e1 hubiera sido de haber sobrevivido la pobre Anne, ni expuesto en el museo. Su destino, como querr\u00eda Anne (y quieren Kitty y Peter) es fomentar un sano activismo y evitar nuevas tragedias humanas causadas por ego\u00edsmos y absurdas guerras.<\/p>\n<p style=\"text-align: justify;\">Gracias, Ari Folman, todo el equipo de \u00bfD\u00f3nde est\u00e1 Anne Frank?, la Fundaci\u00f3n que gestiona su legado y V\u00e9rtigo Films por hacer posible que veamos esta <a href=\"https:\/\/www.filmaffinity.com\/es\/film836567.html\">obra<\/a>. Todo un aldabonazo a nuestras conciencias, en forma de creativo e ingenioso cuento inspirador.<\/p>\n<p><a href=\"https:\/\/i0.wp.com\/beat4people.com\/wp-content\/uploads\/2022\/04\/WIAF_filmgrade.0122638-scaled.jpg?ssl=1\"><img data-attachment-id=\"3316\" data-permalink=\"https:\/\/beat4people.com\/index.php\/2022\/04\/27\/en-busca-del-legado-de-anne-frank\/wiaf_filmgrade-0122638\/\" data-orig-file=\"https:\/\/i0.wp.com\/beat4people.com\/wp-content\/uploads\/2022\/04\/WIAF_filmgrade.0122638-scaled.jpg?fit=2560%2C1348&amp;ssl=1\" data-orig-size=\"2560,1348\" data-comments-opened=\"1\" data-image-meta=\"{&quot;aperture&quot;:&quot;0&quot;,&quot;credit&quot;:&quot;&quot;,&quot;camera&quot;:&quot;&quot;,&quot;caption&quot;:&quot;&quot;,&quot;created_timestamp&quot;:&quot;0&quot;,&quot;copyright&quot;:&quot;&quot;,&quot;focal_length&quot;:&quot;0&quot;,&quot;iso&quot;:&quot;0&quot;,&quot;shutter_speed&quot;:&quot;0&quot;,&quot;title&quot;:&quot;&quot;,&quot;orientation&quot;:&quot;1&quot;}\" data-image-title=\"WIAF_filmgrade.0122638\" data-image-description=\"\" data-image-caption=\"\" data-medium-file=\"https:\/\/i0.wp.com\/beat4people.com\/wp-content\/uploads\/2022\/04\/WIAF_filmgrade.0122638-scaled.jpg?fit=300%2C158&amp;ssl=1\" data-large-file=\"https:\/\/i0.wp.com\/beat4people.com\/wp-content\/uploads\/2022\/04\/WIAF_filmgrade.0122638-scaled.jpg?fit=640%2C337&amp;ssl=1\" decoding=\"async\" loading=\"lazy\" class=\"alignnone size-full wp-image-3316\" src=\"https:\/\/i0.wp.com\/beat4people.com\/wp-content\/uploads\/2022\/04\/WIAF_filmgrade.0122638-scaled.jpg?resize=640%2C337&#038;ssl=1\" alt=\"\" width=\"640\" height=\"337\" srcset=\"https:\/\/i0.wp.com\/beat4people.com\/wp-content\/uploads\/2022\/04\/WIAF_filmgrade.0122638-scaled.jpg?w=2560&amp;ssl=1 2560w, https:\/\/i0.wp.com\/beat4people.com\/wp-content\/uploads\/2022\/04\/WIAF_filmgrade.0122638-scaled.jpg?resize=300%2C158&amp;ssl=1 300w, https:\/\/i0.wp.com\/beat4people.com\/wp-content\/uploads\/2022\/04\/WIAF_filmgrade.0122638-scaled.jpg?resize=1024%2C539&amp;ssl=1 1024w, https:\/\/i0.wp.com\/beat4people.com\/wp-content\/uploads\/2022\/04\/WIAF_filmgrade.0122638-scaled.jpg?resize=768%2C404&amp;ssl=1 768w, https:\/\/i0.wp.com\/beat4people.com\/wp-content\/uploads\/2022\/04\/WIAF_filmgrade.0122638-scaled.jpg?resize=1536%2C809&amp;ssl=1 1536w, https:\/\/i0.wp.com\/beat4people.com\/wp-content\/uploads\/2022\/04\/WIAF_filmgrade.0122638-scaled.jpg?resize=2048%2C1078&amp;ssl=1 2048w, https:\/\/i0.wp.com\/beat4people.com\/wp-content\/uploads\/2022\/04\/WIAF_filmgrade.0122638-scaled.jpg?resize=696%2C366&amp;ssl=1 696w, https:\/\/i0.wp.com\/beat4people.com\/wp-content\/uploads\/2022\/04\/WIAF_filmgrade.0122638-scaled.jpg?resize=1068%2C562&amp;ssl=1 1068w, https:\/\/i0.wp.com\/beat4people.com\/wp-content\/uploads\/2022\/04\/WIAF_filmgrade.0122638-scaled.jpg?resize=798%2C420&amp;ssl=1 798w, https:\/\/i0.wp.com\/beat4people.com\/wp-content\/uploads\/2022\/04\/WIAF_filmgrade.0122638-scaled.jpg?w=1280&amp;ssl=1 1280w, https:\/\/i0.wp.com\/beat4people.com\/wp-content\/uploads\/2022\/04\/WIAF_filmgrade.0122638-scaled.jpg?w=1920&amp;ssl=1 1920w\" sizes=\"(max-width: 640px) 100vw, 640px\" data-recalc-dims=\"1\" \/><\/a><\/p>\n<p><a href=\"https:\/\/twitter.com\/eduvicu\">@EduVicu<\/a><\/p>\n\n\n<div class=\"kk-star-ratings kksr-auto kksr-align-left kksr-valign-bottom\"\n    data-payload='{&quot;align&quot;:&quot;left&quot;,&quot;id&quot;:&quot;3313&quot;,&quot;slug&quot;:&quot;default&quot;,&quot;valign&quot;:&quot;bottom&quot;,&quot;ignore&quot;:&quot;&quot;,&quot;reference&quot;:&quot;auto&quot;,&quot;class&quot;:&quot;&quot;,&quot;count&quot;:&quot;0&quot;,&quot;legendonly&quot;:&quot;&quot;,&quot;readonly&quot;:&quot;&quot;,&quot;score&quot;:&quot;0&quot;,&quot;starsonly&quot;:&quot;&quot;,&quot;best&quot;:&quot;5&quot;,&quot;gap&quot;:&quot;5&quot;,&quot;greet&quot;:&quot;Rate this post&quot;,&quot;legend&quot;:&quot;0\\\/5 - (0 votos)&quot;,&quot;size&quot;:&quot;24&quot;,&quot;title&quot;:&quot;En busca del legado de Anne Frank&quot;,&quot;width&quot;:&quot;0&quot;,&quot;_legend&quot;:&quot;{score}\\\/{best} - ({count} {votes})&quot;,&quot;font_factor&quot;:&quot;1.25&quot;}'>\n            \n<div class=\"kksr-stars\">\n    \n<div class=\"kksr-stars-inactive\">\n            <div class=\"kksr-star\" data-star=\"1\" style=\"padding-right: 5px\">\n            \n\n<div class=\"kksr-icon\" style=\"width: 24px; height: 24px;\"><\/div>\n        <\/div>\n            <div class=\"kksr-star\" data-star=\"2\" style=\"padding-right: 5px\">\n            \n\n<div class=\"kksr-icon\" style=\"width: 24px; height: 24px;\"><\/div>\n        <\/div>\n            <div class=\"kksr-star\" data-star=\"3\" style=\"padding-right: 5px\">\n            \n\n<div class=\"kksr-icon\" style=\"width: 24px; height: 24px;\"><\/div>\n        <\/div>\n            <div class=\"kksr-star\" data-star=\"4\" style=\"padding-right: 5px\">\n            \n\n<div class=\"kksr-icon\" style=\"width: 24px; height: 24px;\"><\/div>\n        <\/div>\n            <div class=\"kksr-star\" data-star=\"5\" style=\"padding-right: 5px\">\n            \n\n<div class=\"kksr-icon\" style=\"width: 24px; height: 24px;\"><\/div>\n        <\/div>\n    <\/div>\n    \n<div class=\"kksr-stars-active\" style=\"width: 0px;\">\n            <div class=\"kksr-star\" style=\"padding-right: 5px\">\n            \n\n<div class=\"kksr-icon\" style=\"width: 24px; height: 24px;\"><\/div>\n        <\/div>\n            <div class=\"kksr-star\" style=\"padding-right: 5px\">\n            \n\n<div class=\"kksr-icon\" style=\"width: 24px; height: 24px;\"><\/div>\n        <\/div>\n            <div class=\"kksr-star\" style=\"padding-right: 5px\">\n            \n\n<div class=\"kksr-icon\" style=\"width: 24px; height: 24px;\"><\/div>\n        <\/div>\n            <div class=\"kksr-star\" style=\"padding-right: 5px\">\n            \n\n<div class=\"kksr-icon\" style=\"width: 24px; height: 24px;\"><\/div>\n        <\/div>\n            <div class=\"kksr-star\" style=\"padding-right: 5px\">\n            \n\n<div class=\"kksr-icon\" style=\"width: 24px; height: 24px;\"><\/div>\n        <\/div>\n    <\/div>\n<\/div>\n                \n\n<div class=\"kksr-legend\" style=\"font-size: 19.2px;\">\n            <span class=\"kksr-muted\">Rate this post<\/span>\n    <\/div>\n    <\/div>\n","protected":false},"excerpt":{"rendered":"<p>El director Ari Folman, (Vals con Bashir, El Congreso) coguionista junto a Jani Thiltges (productores a su vez junto a Alexander Rodnyansky) nos trae \u00bfD\u00f3nde est\u00e1 Anne Frank?, un filme de animaci\u00f3n para todos los p\u00fablicos, muy especialmente recomendado para las nuevas generaciones, y los que ahora tienen las riendas de la comunidad internacional. Basada <\/p>\n","protected":false},"author":4,"featured_media":3315,"comment_status":"open","ping_status":"closed","sticky":false,"template":"","format":"standard","meta":{"jetpack_post_was_ever_published":false,"_jetpack_newsletter_access":"","footnotes":"","jetpack_publicize_message":"","jetpack_is_tweetstorm":false,"jetpack_publicize_feature_enabled":true,"jetpack_social_post_already_shared":true,"jetpack_social_options":{"image_generator_settings":{"template":"highway","enabled":false}}},"categories":[2],"tags":[143],"jetpack_publicize_connections":[],"aioseo_notices":[],"jetpack_featured_media_url":"https:\/\/i0.wp.com\/beat4people.com\/wp-content\/uploads\/2022\/04\/WIAF_filmgrade.0110759-scaled.jpg?fit=2560%2C1348&ssl=1","jetpack_sharing_enabled":true,"jetpack_likes_enabled":true,"jetpack-related-posts":[],"_links":{"self":[{"href":"https:\/\/beat4people.com\/index.php\/wp-json\/wp\/v2\/posts\/3313"}],"collection":[{"href":"https:\/\/beat4people.com\/index.php\/wp-json\/wp\/v2\/posts"}],"about":[{"href":"https:\/\/beat4people.com\/index.php\/wp-json\/wp\/v2\/types\/post"}],"author":[{"embeddable":true,"href":"https:\/\/beat4people.com\/index.php\/wp-json\/wp\/v2\/users\/4"}],"replies":[{"embeddable":true,"href":"https:\/\/beat4people.com\/index.php\/wp-json\/wp\/v2\/comments?post=3313"}],"version-history":[{"count":1,"href":"https:\/\/beat4people.com\/index.php\/wp-json\/wp\/v2\/posts\/3313\/revisions"}],"predecessor-version":[{"id":3317,"href":"https:\/\/beat4people.com\/index.php\/wp-json\/wp\/v2\/posts\/3313\/revisions\/3317"}],"wp:featuredmedia":[{"embeddable":true,"href":"https:\/\/beat4people.com\/index.php\/wp-json\/wp\/v2\/media\/3315"}],"wp:attachment":[{"href":"https:\/\/beat4people.com\/index.php\/wp-json\/wp\/v2\/media?parent=3313"}],"wp:term":[{"taxonomy":"category","embeddable":true,"href":"https:\/\/beat4people.com\/index.php\/wp-json\/wp\/v2\/categories?post=3313"},{"taxonomy":"post_tag","embeddable":true,"href":"https:\/\/beat4people.com\/index.php\/wp-json\/wp\/v2\/tags?post=3313"}],"curies":[{"name":"wp","href":"https:\/\/api.w.org\/{rel}","templated":true}]}}