{"id":3369,"date":"2022-06-14T19:48:05","date_gmt":"2022-06-14T18:48:05","guid":{"rendered":"https:\/\/beat4people.com\/?p=3369"},"modified":"2022-07-26T16:27:59","modified_gmt":"2022-07-26T15:27:59","slug":"culpemos-a-la-humedad","status":"publish","type":"post","link":"https:\/\/beat4people.com\/index.php\/2022\/06\/14\/culpemos-a-la-humedad\/","title":{"rendered":"Culpemos a la humedad"},"content":{"rendered":"<p style=\"text-align: justify;\"><a href=\"https:\/\/i0.wp.com\/beat4people.com\/wp-content\/uploads\/2022\/06\/piedra_noche-915101166-large.jpg?ssl=1\"><img data-attachment-id=\"3375\" data-permalink=\"https:\/\/beat4people.com\/index.php\/2022\/06\/14\/culpemos-a-la-humedad\/piedra_noche-915101166-large\/\" data-orig-file=\"https:\/\/i0.wp.com\/beat4people.com\/wp-content\/uploads\/2022\/06\/piedra_noche-915101166-large.jpg?fit=428%2C611&amp;ssl=1\" data-orig-size=\"428,611\" data-comments-opened=\"1\" data-image-meta=\"{&quot;aperture&quot;:&quot;0&quot;,&quot;credit&quot;:&quot;&quot;,&quot;camera&quot;:&quot;&quot;,&quot;caption&quot;:&quot;&quot;,&quot;created_timestamp&quot;:&quot;0&quot;,&quot;copyright&quot;:&quot;&quot;,&quot;focal_length&quot;:&quot;0&quot;,&quot;iso&quot;:&quot;0&quot;,&quot;shutter_speed&quot;:&quot;0&quot;,&quot;title&quot;:&quot;&quot;,&quot;orientation&quot;:&quot;0&quot;}\" data-image-title=\"piedra_noche-915101166-large\" data-image-description=\"\" data-image-caption=\"\" data-medium-file=\"https:\/\/i0.wp.com\/beat4people.com\/wp-content\/uploads\/2022\/06\/piedra_noche-915101166-large.jpg?fit=210%2C300&amp;ssl=1\" data-large-file=\"https:\/\/i0.wp.com\/beat4people.com\/wp-content\/uploads\/2022\/06\/piedra_noche-915101166-large.jpg?fit=428%2C611&amp;ssl=1\" decoding=\"async\" loading=\"lazy\" class=\"size-full wp-image-3375 alignleft\" src=\"https:\/\/i0.wp.com\/beat4people.com\/wp-content\/uploads\/2022\/06\/piedra_noche-915101166-large.jpg?resize=428%2C611&#038;ssl=1\" alt=\"\" width=\"428\" height=\"611\" srcset=\"https:\/\/i0.wp.com\/beat4people.com\/wp-content\/uploads\/2022\/06\/piedra_noche-915101166-large.jpg?w=428&amp;ssl=1 428w, https:\/\/i0.wp.com\/beat4people.com\/wp-content\/uploads\/2022\/06\/piedra_noche-915101166-large.jpg?resize=210%2C300&amp;ssl=1 210w, https:\/\/i0.wp.com\/beat4people.com\/wp-content\/uploads\/2022\/06\/piedra_noche-915101166-large.jpg?resize=294%2C420&amp;ssl=1 294w\" sizes=\"(max-width: 428px) 100vw, 428px\" data-recalc-dims=\"1\" \/><\/a>Este viernes llega a nuestras salas de cine (gracias a Acontracorriente Films) <a href=\"https:\/\/www.acontracorrientefilms.com\/movie\/dusk-stone-piedra-noche\"><em>Piedra noche<\/em><\/a>, la coproducci\u00f3n hispano-argentina dirigida por Iv\u00e1n Fund, y el que escribe qued\u00f3 gratamente sorprendido con una producci\u00f3n de evidente inspiraci\u00f3n lovecraftiana, que reflexiona en torno a la p\u00e9rdida y a la gesti\u00f3n y digesti\u00f3n (con el tremendo desaf\u00edo mental que ello supone) de tan terrible sentimiento.<\/p>\n<p style=\"text-align: justify;\">La huella del legendario escritor nacido en Providence queda patente en los entornos de la pel\u00edcula, parte fundamental de su engranaje y que demuestra la maestr\u00eda de Fund en el noble arte de la narrativa ambiental. Un pueblo costero en decadencia (que conoci\u00f3 tiempos mucho mejores), esa eterna sensaci\u00f3n de pesadez que anida en el coraz\u00f3n de actores y espectadores, la humedad y los tonos gris\u00e1ceos domin\u00e1ndolo todo&#8230; Una tormenta perfecta y eterna.<\/p>\n<p><img data-attachment-id=\"2542\" data-permalink=\"https:\/\/beat4people.com\/index.php\/2020\/04\/23\/recomendaciones-anti-desidia\/41e55662-73f1-435c-b9f2-8b87faee6aae\/\" data-orig-file=\"https:\/\/i0.wp.com\/beat4people.com\/wp-content\/uploads\/2020\/04\/41E55662-73F1-435C-B9F2-8B87FAEE6AAE.png?fit=300%2C250&amp;ssl=1\" data-orig-size=\"300,250\" data-comments-opened=\"1\" data-image-meta=\"{&quot;aperture&quot;:&quot;0&quot;,&quot;credit&quot;:&quot;&quot;,&quot;camera&quot;:&quot;&quot;,&quot;caption&quot;:&quot;&quot;,&quot;created_timestamp&quot;:&quot;0&quot;,&quot;copyright&quot;:&quot;&quot;,&quot;focal_length&quot;:&quot;0&quot;,&quot;iso&quot;:&quot;0&quot;,&quot;shutter_speed&quot;:&quot;0&quot;,&quot;title&quot;:&quot;&quot;,&quot;orientation&quot;:&quot;0&quot;}\" data-image-title=\"41E55662-73F1-435C-B9F2-8B87FAEE6AAE\" data-image-description=\"\" data-image-caption=\"\" data-medium-file=\"https:\/\/i0.wp.com\/beat4people.com\/wp-content\/uploads\/2020\/04\/41E55662-73F1-435C-B9F2-8B87FAEE6AAE.png?fit=300%2C250&amp;ssl=1\" data-large-file=\"https:\/\/i0.wp.com\/beat4people.com\/wp-content\/uploads\/2020\/04\/41E55662-73F1-435C-B9F2-8B87FAEE6AAE.png?fit=300%2C250&amp;ssl=1\" decoding=\"async\" loading=\"lazy\" class=\"aligncenter wp-image-2542 size-full\" src=\"https:\/\/i0.wp.com\/beat4people.com\/wp-content\/uploads\/2020\/04\/41E55662-73F1-435C-B9F2-8B87FAEE6AAE.png?resize=300%2C250&#038;ssl=1\" alt=\"\" width=\"300\" height=\"250\" data-recalc-dims=\"1\" \/><\/p>\n<p style=\"text-align: justify;\">Personajes bien escritos e interpretados que nos llevan a empatizar con su honda tristeza y ciertas partes cr\u00edpticas del guion (sobre todo en lo relacionado con el agente inmobiliario interpretado por Alfredo Castro), que huyen de la sobreexposici\u00f3n permiti\u00e9ndonos interpretar por nuestra cuenta y riesgo esa subtrama, completan una obra muy recomendable para amantes de los films pausados y on\u00edricos, que crean que se puede mezclar la tristeza con la moment\u00e1nea necesidad de ver la vida desde los ojos de un ni\u00f1o.<\/p>\n<p style=\"text-align: justify;\">PD: mis respetos al maestro Nacho Vegas, al que he \u00abpedido prestado\u00bb el t\u00edtulo de una de sus canciones para titular esta cr\u00edtica.<\/p>\n<p><a href=\"https:\/\/twitter.com\/Juanlu_num7\">@Juanlu_num7<\/a><\/p>\n<p>&nbsp;<\/p>\n<p style=\"text-align: justify;\">Poco m\u00e1s puedo a\u00f1adir a la cr\u00f3nica compartida con Juanlu, al igual que el Verm\u00fa Cultural donde os hablamos de este filme hace unos d\u00edas. La soledad, el drama de la desaparici\u00f3n de un ni\u00f1o imaginativo, lo misterioso y la decadencia, con una maravillosa fotograf\u00eda y dise\u00f1o de producci\u00f3n en general que nos atrapa sin remedio en este \u00abpesadillesco thrilledrama\u00bb, que nos dar\u00e1 alg\u00fan que otro escalofr\u00edo. Lo real y lo on\u00edrico se entremezclan, dej\u00e1ndonos, como decimos, a los espectadores para decidir cual es la verdad de esta horrible, triste, plomiza humedad asfixiante.<\/p>\n<p><a href=\"https:\/\/twitter.com\/eduvicu\">@EduVicu<\/a><\/p>\n\n\n<div class=\"kk-star-ratings kksr-auto kksr-align-left kksr-valign-bottom\"\n    data-payload='{&quot;align&quot;:&quot;left&quot;,&quot;id&quot;:&quot;3369&quot;,&quot;slug&quot;:&quot;default&quot;,&quot;valign&quot;:&quot;bottom&quot;,&quot;ignore&quot;:&quot;&quot;,&quot;reference&quot;:&quot;auto&quot;,&quot;class&quot;:&quot;&quot;,&quot;count&quot;:&quot;1&quot;,&quot;legendonly&quot;:&quot;&quot;,&quot;readonly&quot;:&quot;&quot;,&quot;score&quot;:&quot;5&quot;,&quot;starsonly&quot;:&quot;&quot;,&quot;best&quot;:&quot;5&quot;,&quot;gap&quot;:&quot;5&quot;,&quot;greet&quot;:&quot;Rate this post&quot;,&quot;legend&quot;:&quot;5\\\/5 - (1 voto)&quot;,&quot;size&quot;:&quot;24&quot;,&quot;title&quot;:&quot;Culpemos a la humedad&quot;,&quot;width&quot;:&quot;142.5&quot;,&quot;_legend&quot;:&quot;{score}\\\/{best} - ({count} {votes})&quot;,&quot;font_factor&quot;:&quot;1.25&quot;}'>\n            \n<div class=\"kksr-stars\">\n    \n<div class=\"kksr-stars-inactive\">\n            <div class=\"kksr-star\" data-star=\"1\" style=\"padding-right: 5px\">\n            \n\n<div class=\"kksr-icon\" style=\"width: 24px; height: 24px;\"><\/div>\n        <\/div>\n            <div class=\"kksr-star\" data-star=\"2\" style=\"padding-right: 5px\">\n            \n\n<div class=\"kksr-icon\" style=\"width: 24px; height: 24px;\"><\/div>\n        <\/div>\n            <div class=\"kksr-star\" data-star=\"3\" style=\"padding-right: 5px\">\n            \n\n<div class=\"kksr-icon\" style=\"width: 24px; height: 24px;\"><\/div>\n        <\/div>\n            <div class=\"kksr-star\" data-star=\"4\" style=\"padding-right: 5px\">\n            \n\n<div class=\"kksr-icon\" style=\"width: 24px; height: 24px;\"><\/div>\n        <\/div>\n            <div class=\"kksr-star\" data-star=\"5\" style=\"padding-right: 5px\">\n            \n\n<div class=\"kksr-icon\" style=\"width: 24px; height: 24px;\"><\/div>\n        <\/div>\n    <\/div>\n    \n<div class=\"kksr-stars-active\" style=\"width: 142.5px;\">\n            <div class=\"kksr-star\" style=\"padding-right: 5px\">\n            \n\n<div class=\"kksr-icon\" style=\"width: 24px; height: 24px;\"><\/div>\n        <\/div>\n            <div class=\"kksr-star\" style=\"padding-right: 5px\">\n            \n\n<div class=\"kksr-icon\" style=\"width: 24px; height: 24px;\"><\/div>\n        <\/div>\n            <div class=\"kksr-star\" style=\"padding-right: 5px\">\n            \n\n<div class=\"kksr-icon\" style=\"width: 24px; height: 24px;\"><\/div>\n        <\/div>\n            <div class=\"kksr-star\" style=\"padding-right: 5px\">\n            \n\n<div class=\"kksr-icon\" style=\"width: 24px; height: 24px;\"><\/div>\n        <\/div>\n            <div class=\"kksr-star\" style=\"padding-right: 5px\">\n            \n\n<div class=\"kksr-icon\" style=\"width: 24px; height: 24px;\"><\/div>\n        <\/div>\n    <\/div>\n<\/div>\n                \n\n<div class=\"kksr-legend\" style=\"font-size: 19.2px;\">\n            5\/5 - (1 voto)    <\/div>\n    <\/div>\n","protected":false},"excerpt":{"rendered":"<p>Este viernes llega a nuestras salas de cine (gracias a Acontracorriente Films) Piedra noche, la coproducci\u00f3n hispano-argentina dirigida por Iv\u00e1n Fund, y el que escribe qued\u00f3 gratamente sorprendido con una producci\u00f3n de evidente inspiraci\u00f3n lovecraftiana, que reflexiona en torno a la p\u00e9rdida y a la gesti\u00f3n y digesti\u00f3n (con el tremendo desaf\u00edo mental que ello <\/p>\n","protected":false},"author":3,"featured_media":3371,"comment_status":"open","ping_status":"closed","sticky":false,"template":"","format":"standard","meta":{"jetpack_post_was_ever_published":false,"_jetpack_newsletter_access":"","footnotes":"","jetpack_publicize_message":"","jetpack_is_tweetstorm":false,"jetpack_publicize_feature_enabled":true,"jetpack_social_post_already_shared":true,"jetpack_social_options":{"image_generator_settings":{"template":"highway","enabled":false}}},"categories":[2],"tags":[151],"jetpack_publicize_connections":[],"aioseo_notices":[],"jetpack_featured_media_url":"https:\/\/i0.wp.com\/beat4people.com\/wp-content\/uploads\/2022\/06\/Noche.jpg?fit=620%2C435&ssl=1","jetpack_sharing_enabled":true,"jetpack_likes_enabled":true,"jetpack-related-posts":[],"_links":{"self":[{"href":"https:\/\/beat4people.com\/index.php\/wp-json\/wp\/v2\/posts\/3369"}],"collection":[{"href":"https:\/\/beat4people.com\/index.php\/wp-json\/wp\/v2\/posts"}],"about":[{"href":"https:\/\/beat4people.com\/index.php\/wp-json\/wp\/v2\/types\/post"}],"author":[{"embeddable":true,"href":"https:\/\/beat4people.com\/index.php\/wp-json\/wp\/v2\/users\/3"}],"replies":[{"embeddable":true,"href":"https:\/\/beat4people.com\/index.php\/wp-json\/wp\/v2\/comments?post=3369"}],"version-history":[{"count":4,"href":"https:\/\/beat4people.com\/index.php\/wp-json\/wp\/v2\/posts\/3369\/revisions"}],"predecessor-version":[{"id":3422,"href":"https:\/\/beat4people.com\/index.php\/wp-json\/wp\/v2\/posts\/3369\/revisions\/3422"}],"wp:featuredmedia":[{"embeddable":true,"href":"https:\/\/beat4people.com\/index.php\/wp-json\/wp\/v2\/media\/3371"}],"wp:attachment":[{"href":"https:\/\/beat4people.com\/index.php\/wp-json\/wp\/v2\/media?parent=3369"}],"wp:term":[{"taxonomy":"category","embeddable":true,"href":"https:\/\/beat4people.com\/index.php\/wp-json\/wp\/v2\/categories?post=3369"},{"taxonomy":"post_tag","embeddable":true,"href":"https:\/\/beat4people.com\/index.php\/wp-json\/wp\/v2\/tags?post=3369"}],"curies":[{"name":"wp","href":"https:\/\/api.w.org\/{rel}","templated":true}]}}