{"id":3389,"date":"2022-06-23T01:20:04","date_gmt":"2022-06-23T00:20:04","guid":{"rendered":"https:\/\/beat4people.com\/?p=3389"},"modified":"2022-06-23T01:20:04","modified_gmt":"2022-06-23T00:20:04","slug":"de-leones-enjaulados-a-victoriosos-guerreros","status":"publish","type":"post","link":"https:\/\/beat4people.com\/index.php\/2022\/06\/23\/de-leones-enjaulados-a-victoriosos-guerreros\/","title":{"rendered":"De leones enjaulados a victoriosos guerreros"},"content":{"rendered":"<p style=\"text-align: justify;\"><em><a href=\"https:\/\/i0.wp.com\/beat4people.com\/wp-content\/uploads\/2022\/06\/llenos_de_gracia-921162938-large.jpg?ssl=1\"><img data-attachment-id=\"3391\" data-permalink=\"https:\/\/beat4people.com\/index.php\/2022\/06\/23\/de-leones-enjaulados-a-victoriosos-guerreros\/llenos_de_gracia-921162938-large\/\" data-orig-file=\"https:\/\/i0.wp.com\/beat4people.com\/wp-content\/uploads\/2022\/06\/llenos_de_gracia-921162938-large.jpg?fit=839%2C1200&amp;ssl=1\" data-orig-size=\"839,1200\" data-comments-opened=\"1\" data-image-meta=\"{&quot;aperture&quot;:&quot;0&quot;,&quot;credit&quot;:&quot;&quot;,&quot;camera&quot;:&quot;&quot;,&quot;caption&quot;:&quot;&quot;,&quot;created_timestamp&quot;:&quot;0&quot;,&quot;copyright&quot;:&quot;&quot;,&quot;focal_length&quot;:&quot;0&quot;,&quot;iso&quot;:&quot;0&quot;,&quot;shutter_speed&quot;:&quot;0&quot;,&quot;title&quot;:&quot;&quot;,&quot;orientation&quot;:&quot;0&quot;}\" data-image-title=\"llenos_de_gracia-921162938-large\" data-image-description=\"\" data-image-caption=\"\" data-medium-file=\"https:\/\/i0.wp.com\/beat4people.com\/wp-content\/uploads\/2022\/06\/llenos_de_gracia-921162938-large.jpg?fit=210%2C300&amp;ssl=1\" data-large-file=\"https:\/\/i0.wp.com\/beat4people.com\/wp-content\/uploads\/2022\/06\/llenos_de_gracia-921162938-large.jpg?fit=640%2C915&amp;ssl=1\" decoding=\"async\" loading=\"lazy\" class=\"wp-image-3391 alignleft\" src=\"https:\/\/i0.wp.com\/beat4people.com\/wp-content\/uploads\/2022\/06\/llenos_de_gracia-921162938-large.jpg?resize=445%2C637&#038;ssl=1\" alt=\"\" width=\"445\" height=\"637\" srcset=\"https:\/\/i0.wp.com\/beat4people.com\/wp-content\/uploads\/2022\/06\/llenos_de_gracia-921162938-large.jpg?w=839&amp;ssl=1 839w, https:\/\/i0.wp.com\/beat4people.com\/wp-content\/uploads\/2022\/06\/llenos_de_gracia-921162938-large.jpg?resize=210%2C300&amp;ssl=1 210w, https:\/\/i0.wp.com\/beat4people.com\/wp-content\/uploads\/2022\/06\/llenos_de_gracia-921162938-large.jpg?resize=716%2C1024&amp;ssl=1 716w, https:\/\/i0.wp.com\/beat4people.com\/wp-content\/uploads\/2022\/06\/llenos_de_gracia-921162938-large.jpg?resize=768%2C1098&amp;ssl=1 768w, https:\/\/i0.wp.com\/beat4people.com\/wp-content\/uploads\/2022\/06\/llenos_de_gracia-921162938-large.jpg?resize=696%2C995&amp;ssl=1 696w, https:\/\/i0.wp.com\/beat4people.com\/wp-content\/uploads\/2022\/06\/llenos_de_gracia-921162938-large.jpg?resize=294%2C420&amp;ssl=1 294w\" sizes=\"(max-width: 445px) 100vw, 445px\" data-recalc-dims=\"1\" \/><\/a><a href=\"https:\/\/www.filmaffinity.com\/es\/film338207.html\">Llenos de Gracia<\/a><\/em> es una de esas pel\u00edculas que a uno le hacen re\u00edr, emocionarse y, sin quererlo, pensar. Porque el \u00e1gil y muy acertado ritmo del metraje no da tiempo casi a reflexionar, pero s\u00ed deja huella.<\/p>\n<p style=\"text-align: justify;\">Desde <em>La ciudad de los muchachos<\/em> (Norman Taurog, 1941, coprotagonizada por Mickey Rooney y Spencer Tracy), ha habido muchas similares, destacando <em>Los chicos del coro<\/em> (2004) o <em>El club de los poetas muertos <\/em>(1989). <em>Llenos de gracia<\/em> es la m\u00e1s reciente, una historia espa\u00f1ola basada en hechos reales, de esta inspiradora colecci\u00f3n.<\/p>\n<p style=\"text-align: justify;\">A veces, hasta en los lugares menos agraciados ocurren milagros o, m\u00e1s bien, llega alguien que los provoca. Es lo que sucede al inicio del verano de 1994 en El Parral, un internado venido a menos y a punto de cerrar, vi\u00e9ndose obligados a trasladar a los hu\u00e9rfanos a un orfanato, (\u201cla perrera\u201d, como lo llaman ellos con horror y angustia).<\/p>\n<p style=\"text-align: justify;\">Si El Parral es el principal escenario de este inspirador <a href=\"https:\/\/youtu.be\/3m-0nYFm6eI\">filme<\/a>, el segundo de Roberto Buesa, director y coguionista junto a \u00d3scar D\u00edaz, sus protagonistas son la reci\u00e9n llegada hermana Marina (Carmen Machi) y un conjunto de hu\u00e9rfanos que, al contrario que la mayor\u00eda de los internos en El Parral, se ve obligado a pasar cada verano ah\u00ed encerrados.<\/p>\n<p style=\"text-align: justify;\">En este variopinto grupo de chicos, muy bien elegidos entre cientos de ni\u00f1os que se presentaron y bien dirigidos por Buesa, cada uno tiene distintas inquietudes y personalidades, siendo tres de ellos incluso m\u00e1s peque\u00f1os. Todos ellos dan mucha frescura y el toque de humor necesario para hacer de <em>Llenos de Gracia<\/em> una obra vitalista, pese al drama de fondo.<\/p>\n<p style=\"text-align: justify;\">A la comedia, sin duda contribuye la colaboraci\u00f3n de Pablo Chiapella, uno de los humoristas m\u00e1s reconocidos en nuestras pantallas desde hace varios a\u00f1os con su aura de perdedor que siempre cae bien y, sin duda, sabe animarnos, sac\u00e1ndonos una sonrisa cuando no una sonora carcajada.<\/p>\n<p style=\"text-align: justify;\">A lo largo del guion hay una clara transformaci\u00f3n tanto en la Madre Superiora y directora del internado (Nuria Gonz\u00e1lez), de estricta y resignada al cierre a c\u00f3mplice de \u201cla familia del Parral\u201d como en los ni\u00f1os, pasando de las gamberradas propias de j\u00f3venes ap\u00e1ticos, abandonados y sin motivaciones a verdaderos hermanos, protegi\u00e9ndose los unos a los otros y unidos por una causa. De \u201cleones enjaulados\u201d, como dice en un momento de la pel\u00edcula Carmen Machi, pasan a sentirse, tras una gran aventura y no poco esfuerzo, victoriosos y con esperanzas en el nuevo curso. Alegres, ilusionados, incluso cuando vuelven sus compa\u00f1eros despu\u00e9s de haber pasado un verano con sus familias lejos de ese otrora inh\u00f3spito centro.<\/p>\n<p style=\"text-align: justify;\">El equipo, encabezado a la perfecci\u00f3n por Roberto Bueso, ha sabido componer un luminoso filme (acompa\u00f1ado de una potente banda sonora) que no solo recomiendo ver en la pantalla grande a partir de este viernes 24 de junio gracias a Paramount Pictures, compartiendo la experiencia de la buena comedia rodeados de gente y risas, sino que deber\u00eda ser llevado a los colegios, institutos e incluso a las facultades de magisterio por poner el foco en c\u00f3mo motivar y captar la atenci\u00f3n de los j\u00f3venes de hoy. Todos ellos son, no lo olvidemos, el presente del ma\u00f1ana, pudiendo aportar mucho en diversos campos, sean cuales sean sus or\u00edgenes.<\/p>\n<p><a href=\"https:\/\/twitter.com\/eduvicu\">@Edu Vicu<\/a><\/p>\n\n\n<div class=\"kk-star-ratings kksr-auto kksr-align-left kksr-valign-bottom\"\n    data-payload='{&quot;align&quot;:&quot;left&quot;,&quot;id&quot;:&quot;3389&quot;,&quot;slug&quot;:&quot;default&quot;,&quot;valign&quot;:&quot;bottom&quot;,&quot;ignore&quot;:&quot;&quot;,&quot;reference&quot;:&quot;auto&quot;,&quot;class&quot;:&quot;&quot;,&quot;count&quot;:&quot;1&quot;,&quot;legendonly&quot;:&quot;&quot;,&quot;readonly&quot;:&quot;&quot;,&quot;score&quot;:&quot;5&quot;,&quot;starsonly&quot;:&quot;&quot;,&quot;best&quot;:&quot;5&quot;,&quot;gap&quot;:&quot;5&quot;,&quot;greet&quot;:&quot;Rate this post&quot;,&quot;legend&quot;:&quot;5\\\/5 - (1 voto)&quot;,&quot;size&quot;:&quot;24&quot;,&quot;title&quot;:&quot;De leones enjaulados a victoriosos guerreros&quot;,&quot;width&quot;:&quot;142.5&quot;,&quot;_legend&quot;:&quot;{score}\\\/{best} - ({count} {votes})&quot;,&quot;font_factor&quot;:&quot;1.25&quot;}'>\n            \n<div class=\"kksr-stars\">\n    \n<div class=\"kksr-stars-inactive\">\n            <div class=\"kksr-star\" data-star=\"1\" style=\"padding-right: 5px\">\n            \n\n<div class=\"kksr-icon\" style=\"width: 24px; height: 24px;\"><\/div>\n        <\/div>\n            <div class=\"kksr-star\" data-star=\"2\" style=\"padding-right: 5px\">\n            \n\n<div class=\"kksr-icon\" style=\"width: 24px; height: 24px;\"><\/div>\n        <\/div>\n            <div class=\"kksr-star\" data-star=\"3\" style=\"padding-right: 5px\">\n            \n\n<div class=\"kksr-icon\" style=\"width: 24px; height: 24px;\"><\/div>\n        <\/div>\n            <div class=\"kksr-star\" data-star=\"4\" style=\"padding-right: 5px\">\n            \n\n<div class=\"kksr-icon\" style=\"width: 24px; height: 24px;\"><\/div>\n        <\/div>\n            <div class=\"kksr-star\" data-star=\"5\" style=\"padding-right: 5px\">\n            \n\n<div class=\"kksr-icon\" style=\"width: 24px; height: 24px;\"><\/div>\n        <\/div>\n    <\/div>\n    \n<div class=\"kksr-stars-active\" style=\"width: 142.5px;\">\n            <div class=\"kksr-star\" style=\"padding-right: 5px\">\n            \n\n<div class=\"kksr-icon\" style=\"width: 24px; height: 24px;\"><\/div>\n        <\/div>\n            <div class=\"kksr-star\" style=\"padding-right: 5px\">\n            \n\n<div class=\"kksr-icon\" style=\"width: 24px; height: 24px;\"><\/div>\n        <\/div>\n            <div class=\"kksr-star\" style=\"padding-right: 5px\">\n            \n\n<div class=\"kksr-icon\" style=\"width: 24px; height: 24px;\"><\/div>\n        <\/div>\n            <div class=\"kksr-star\" style=\"padding-right: 5px\">\n            \n\n<div class=\"kksr-icon\" style=\"width: 24px; height: 24px;\"><\/div>\n        <\/div>\n            <div class=\"kksr-star\" style=\"padding-right: 5px\">\n            \n\n<div class=\"kksr-icon\" style=\"width: 24px; height: 24px;\"><\/div>\n        <\/div>\n    <\/div>\n<\/div>\n                \n\n<div class=\"kksr-legend\" style=\"font-size: 19.2px;\">\n            5\/5 - (1 voto)    <\/div>\n    <\/div>\n","protected":false},"excerpt":{"rendered":"<p>Llenos de Gracia es una de esas pel\u00edculas que a uno le hacen re\u00edr, emocionarse y, sin quererlo, pensar. Porque el \u00e1gil y muy acertado ritmo del metraje no da tiempo casi a reflexionar, pero s\u00ed deja huella. Desde La ciudad de los muchachos (Norman Taurog, 1941, coprotagonizada por Mickey Rooney y Spencer Tracy), ha <\/p>\n","protected":false},"author":4,"featured_media":3392,"comment_status":"open","ping_status":"closed","sticky":false,"template":"","format":"standard","meta":{"jetpack_post_was_ever_published":false,"_jetpack_newsletter_access":"","footnotes":"","jetpack_publicize_message":"","jetpack_is_tweetstorm":false,"jetpack_publicize_feature_enabled":true,"jetpack_social_post_already_shared":true,"jetpack_social_options":{"image_generator_settings":{"template":"highway","enabled":false}}},"categories":[2],"tags":[153,44,152,154],"jetpack_publicize_connections":[],"aioseo_notices":[],"jetpack_featured_media_url":"https:\/\/i0.wp.com\/beat4people.com\/wp-content\/uploads\/2022\/06\/llenos_de_gracia-921162938-banner.jpg?fit=567%2C319&ssl=1","jetpack_sharing_enabled":true,"jetpack_likes_enabled":true,"jetpack-related-posts":[],"_links":{"self":[{"href":"https:\/\/beat4people.com\/index.php\/wp-json\/wp\/v2\/posts\/3389"}],"collection":[{"href":"https:\/\/beat4people.com\/index.php\/wp-json\/wp\/v2\/posts"}],"about":[{"href":"https:\/\/beat4people.com\/index.php\/wp-json\/wp\/v2\/types\/post"}],"author":[{"embeddable":true,"href":"https:\/\/beat4people.com\/index.php\/wp-json\/wp\/v2\/users\/4"}],"replies":[{"embeddable":true,"href":"https:\/\/beat4people.com\/index.php\/wp-json\/wp\/v2\/comments?post=3389"}],"version-history":[{"count":1,"href":"https:\/\/beat4people.com\/index.php\/wp-json\/wp\/v2\/posts\/3389\/revisions"}],"predecessor-version":[{"id":3393,"href":"https:\/\/beat4people.com\/index.php\/wp-json\/wp\/v2\/posts\/3389\/revisions\/3393"}],"wp:featuredmedia":[{"embeddable":true,"href":"https:\/\/beat4people.com\/index.php\/wp-json\/wp\/v2\/media\/3392"}],"wp:attachment":[{"href":"https:\/\/beat4people.com\/index.php\/wp-json\/wp\/v2\/media?parent=3389"}],"wp:term":[{"taxonomy":"category","embeddable":true,"href":"https:\/\/beat4people.com\/index.php\/wp-json\/wp\/v2\/categories?post=3389"},{"taxonomy":"post_tag","embeddable":true,"href":"https:\/\/beat4people.com\/index.php\/wp-json\/wp\/v2\/tags?post=3389"}],"curies":[{"name":"wp","href":"https:\/\/api.w.org\/{rel}","templated":true}]}}