{"id":3486,"date":"2022-10-28T11:24:43","date_gmt":"2022-10-28T10:24:43","guid":{"rendered":"https:\/\/beat4people.com\/?p=3486"},"modified":"2022-10-28T11:24:43","modified_gmt":"2022-10-28T10:24:43","slug":"espiritu-salvaje-y-libre","status":"publish","type":"post","link":"https:\/\/beat4people.com\/index.php\/2022\/10\/28\/espiritu-salvaje-y-libre\/","title":{"rendered":"Esp\u00edritu salvaje y libre"},"content":{"rendered":"<p style=\"text-align: justify;\"><a href=\"https:\/\/i0.wp.com\/beat4people.com\/wp-content\/uploads\/2022\/10\/entre_montanas-933815650-large.jpg?ssl=1\"><img data-attachment-id=\"3487\" data-permalink=\"https:\/\/beat4people.com\/index.php\/2022\/10\/28\/espiritu-salvaje-y-libre\/entre_montanas-933815650-large\/\" data-orig-file=\"https:\/\/i0.wp.com\/beat4people.com\/wp-content\/uploads\/2022\/10\/entre_montanas-933815650-large.jpg?fit=848%2C1200&amp;ssl=1\" data-orig-size=\"848,1200\" data-comments-opened=\"1\" data-image-meta=\"{&quot;aperture&quot;:&quot;0&quot;,&quot;credit&quot;:&quot;&quot;,&quot;camera&quot;:&quot;&quot;,&quot;caption&quot;:&quot;&quot;,&quot;created_timestamp&quot;:&quot;0&quot;,&quot;copyright&quot;:&quot;&quot;,&quot;focal_length&quot;:&quot;0&quot;,&quot;iso&quot;:&quot;0&quot;,&quot;shutter_speed&quot;:&quot;0&quot;,&quot;title&quot;:&quot;&quot;,&quot;orientation&quot;:&quot;0&quot;}\" data-image-title=\"entre_montanas-933815650-large\" data-image-description=\"\" data-image-caption=\"\" data-medium-file=\"https:\/\/i0.wp.com\/beat4people.com\/wp-content\/uploads\/2022\/10\/entre_montanas-933815650-large.jpg?fit=212%2C300&amp;ssl=1\" data-large-file=\"https:\/\/i0.wp.com\/beat4people.com\/wp-content\/uploads\/2022\/10\/entre_montanas-933815650-large.jpg?fit=640%2C905&amp;ssl=1\" decoding=\"async\" loading=\"lazy\" class=\" wp-image-3487 alignleft\" src=\"https:\/\/i0.wp.com\/beat4people.com\/wp-content\/uploads\/2022\/10\/entre_montanas-933815650-large.jpg?resize=472%2C667&#038;ssl=1\" alt=\"\" width=\"472\" height=\"667\" srcset=\"https:\/\/i0.wp.com\/beat4people.com\/wp-content\/uploads\/2022\/10\/entre_montanas-933815650-large.jpg?w=848&amp;ssl=1 848w, https:\/\/i0.wp.com\/beat4people.com\/wp-content\/uploads\/2022\/10\/entre_montanas-933815650-large.jpg?resize=212%2C300&amp;ssl=1 212w, https:\/\/i0.wp.com\/beat4people.com\/wp-content\/uploads\/2022\/10\/entre_montanas-933815650-large.jpg?resize=724%2C1024&amp;ssl=1 724w, https:\/\/i0.wp.com\/beat4people.com\/wp-content\/uploads\/2022\/10\/entre_montanas-933815650-large.jpg?resize=768%2C1087&amp;ssl=1 768w, https:\/\/i0.wp.com\/beat4people.com\/wp-content\/uploads\/2022\/10\/entre_montanas-933815650-large.jpg?resize=696%2C985&amp;ssl=1 696w, https:\/\/i0.wp.com\/beat4people.com\/wp-content\/uploads\/2022\/10\/entre_montanas-933815650-large.jpg?resize=297%2C420&amp;ssl=1 297w\" sizes=\"(max-width: 472px) 100vw, 472px\" data-recalc-dims=\"1\" \/><\/a>Desde hoy pod\u00e9is ver en cines la esperada \u00f3pera prima de <a href=\"https:\/\/unaicanela.com\/\">Unai Canela<\/a>, <em><a href=\"https:\/\/www.filmaffinity.com\/es\/film822059.html\">Entre monta\u00f1as<\/a><\/em>. Se trata de una pel\u00edcula muy recomendable para todos los p\u00fablicos y pases en colegios, institutos y facultades que serpentea entre el documental, la reflexi\u00f3n y un divertido biopic escrito y dirigido por el propio Unai, con la colaboraci\u00f3n de su padre, el prestigioso fot\u00f3grafo de National Geographic Andoni Canela y producido por Jos\u00e9 Mar\u00eda Morales, (Wanda Films), meritorio primer ganador del <a href=\"https:\/\/www.academiadecine.com\/premios\/el-rayo-verde\/\">Premio Rayo Verde<\/a>, un certamen de la Academia de Cine creado junto a Greenpeace para afianzar su compromiso con la sostenibilidad del s\u00e9ptimo arte.<\/p>\n<p style=\"text-align: justify;\">El confinamiento les cogi\u00f3 a Unai y a su padre en el Himalaya, rodando. Al volver a su pueblo, en los Pirineos, Unai se propuso un reto. Observar y captar para aprender, y mostrarnos, c\u00f3mo se desarrolla la vida en esa espl\u00e9ndida regi\u00f3n, bastante desconocida para tanta gente.<\/p>\n<p style=\"text-align: justify;\">A la vista del resultado, <em>Entre monta\u00f1as<\/em>, seleccionado en varios festivales (entre otros, el Festival Internacional de San Sebasti\u00e1n, su estreno mundial), el reto est\u00e1 satisfactoriamente cumplido. Casi en todo momento, a distintas horas del d\u00eda, est\u00e1 el solo, pero tambi\u00e9n aparecen su madre, Meritxell (periodista y autora de libros infantiles y juveniles, adem\u00e1s de guionista de <em>Panteras<\/em>) y su hermana Amaia, a quien Unai le regala una de las primeras c\u00e1maras fotogr\u00e1ficas que tuvo para que, esperemos, de alguna manera contin\u00fae el valioso legado de la familia Canela Margarit.<\/p>\n<p style=\"text-align: justify;\">Con un fluido ritmo, a veces pausado, a veces trepidante, y una realizaci\u00f3n c\u00e1mara en mano, c\u00e1mara fija, a vista de p\u00e1jaro con un dron o mediante \u201cc\u00e1maras trampa\u201d para obtener primer\u00edsimos planos con los que ser testigos de la incre\u00edble vida salvaje, Unai nos invita a reconectar con la naturaleza. Volver a nuestros or\u00edgenes.<\/p>\n<p style=\"text-align: justify;\">Ponerse a dirigir era el paso natural de Unai, quien lleva desde ni\u00f1o entre animales, libros, ilustraciones y c\u00e1maras. Todo empez\u00f3 con un largo viaje a sus seis a\u00f1os, junto a sus padres Andoni y Meritxell y su hermana Amaia, del que sali\u00f3 el libro de gran formato <em>La Llamada del Puma<\/em>; la pel\u00edcula <em>El viaje de Unai<\/em>, luego la maravillosa, muy divertida y educativa serie <em>Esp\u00edritu Salvaje <\/em>(secuela del largometraje) y, ya m\u00e1s recientemente, <em>Panteras<\/em> (estrenada en el 2021). En todos estos trabajos ha colaborado Unai, en el guion y en la narraci\u00f3n en varios idiomas, mostrando todo el desparpajo y el entusiasmo por aprender que tiene. En <em>Panteras<\/em> ya colabor\u00f3 en la realizaci\u00f3n y con la m\u00fasica, junto a Iv\u00e1n Caram\u00e9s.<\/p>\n<p style=\"text-align: justify;\">Y es que la m\u00fasica es otra de las pasiones de un renacentista del siglo XXI. Los dos, Iv\u00e1n y Unai, tienen un grupo, <a href=\"https:\/\/open.spotify.com\/artist\/6tw9p26j0XKWqyIH1enaZf?si=YyCHMN5rTPCY7opp24Zb7Q\">Canela Caram\u00e9s<\/a>, cuyas canciones, al igual que las im\u00e1genes, son toda una declaraci\u00f3n de intenciones. Un zambombazo a nuestras conciencias, vitalistas y quiz\u00e1 ese \u00faltimo empuj\u00f3n para, como dec\u00eda, animarnos a reconectar con la flora y fauna que nos rodea, a valorar lo que tenemos y reencontrarnos a nosotros mismos.<\/p>\n<p><a href=\"https:\/\/i0.wp.com\/beat4people.com\/wp-content\/uploads\/2022\/10\/Entremontanas_Fotopelicula_27851-scaled.jpg?ssl=1\"><img data-attachment-id=\"3488\" data-permalink=\"https:\/\/beat4people.com\/index.php\/2022\/10\/28\/espiritu-salvaje-y-libre\/entremontanas_fotopelicula_27851\/\" data-orig-file=\"https:\/\/i0.wp.com\/beat4people.com\/wp-content\/uploads\/2022\/10\/Entremontanas_Fotopelicula_27851-scaled.jpg?fit=2560%2C1440&amp;ssl=1\" data-orig-size=\"2560,1440\" data-comments-opened=\"1\" data-image-meta=\"{&quot;aperture&quot;:&quot;0&quot;,&quot;credit&quot;:&quot;&quot;,&quot;camera&quot;:&quot;&quot;,&quot;caption&quot;:&quot;&quot;,&quot;created_timestamp&quot;:&quot;0&quot;,&quot;copyright&quot;:&quot;&quot;,&quot;focal_length&quot;:&quot;0&quot;,&quot;iso&quot;:&quot;0&quot;,&quot;shutter_speed&quot;:&quot;0&quot;,&quot;title&quot;:&quot;&quot;,&quot;orientation&quot;:&quot;0&quot;}\" data-image-title=\"Entremonta\u00f1as_Fotopel\u00edcula_27851\" data-image-description=\"\" data-image-caption=\"\" data-medium-file=\"https:\/\/i0.wp.com\/beat4people.com\/wp-content\/uploads\/2022\/10\/Entremontanas_Fotopelicula_27851-scaled.jpg?fit=300%2C169&amp;ssl=1\" data-large-file=\"https:\/\/i0.wp.com\/beat4people.com\/wp-content\/uploads\/2022\/10\/Entremontanas_Fotopelicula_27851-scaled.jpg?fit=640%2C360&amp;ssl=1\" decoding=\"async\" loading=\"lazy\" class=\" wp-image-3488 aligncenter\" src=\"https:\/\/i0.wp.com\/beat4people.com\/wp-content\/uploads\/2022\/10\/Entremontanas_Fotopelicula_27851-scaled.jpg?resize=621%2C350&#038;ssl=1\" alt=\"\" width=\"621\" height=\"350\" srcset=\"https:\/\/i0.wp.com\/beat4people.com\/wp-content\/uploads\/2022\/10\/Entremontanas_Fotopelicula_27851-scaled.jpg?w=2560&amp;ssl=1 2560w, https:\/\/i0.wp.com\/beat4people.com\/wp-content\/uploads\/2022\/10\/Entremontanas_Fotopelicula_27851-scaled.jpg?resize=300%2C169&amp;ssl=1 300w, https:\/\/i0.wp.com\/beat4people.com\/wp-content\/uploads\/2022\/10\/Entremontanas_Fotopelicula_27851-scaled.jpg?resize=1024%2C576&amp;ssl=1 1024w, https:\/\/i0.wp.com\/beat4people.com\/wp-content\/uploads\/2022\/10\/Entremontanas_Fotopelicula_27851-scaled.jpg?resize=768%2C432&amp;ssl=1 768w, https:\/\/i0.wp.com\/beat4people.com\/wp-content\/uploads\/2022\/10\/Entremontanas_Fotopelicula_27851-scaled.jpg?resize=1536%2C864&amp;ssl=1 1536w, https:\/\/i0.wp.com\/beat4people.com\/wp-content\/uploads\/2022\/10\/Entremontanas_Fotopelicula_27851-scaled.jpg?resize=2048%2C1152&amp;ssl=1 2048w, https:\/\/i0.wp.com\/beat4people.com\/wp-content\/uploads\/2022\/10\/Entremontanas_Fotopelicula_27851-scaled.jpg?resize=696%2C392&amp;ssl=1 696w, https:\/\/i0.wp.com\/beat4people.com\/wp-content\/uploads\/2022\/10\/Entremontanas_Fotopelicula_27851-scaled.jpg?resize=1068%2C601&amp;ssl=1 1068w, https:\/\/i0.wp.com\/beat4people.com\/wp-content\/uploads\/2022\/10\/Entremontanas_Fotopelicula_27851-scaled.jpg?resize=747%2C420&amp;ssl=1 747w, https:\/\/i0.wp.com\/beat4people.com\/wp-content\/uploads\/2022\/10\/Entremontanas_Fotopelicula_27851-scaled.jpg?w=1280&amp;ssl=1 1280w, https:\/\/i0.wp.com\/beat4people.com\/wp-content\/uploads\/2022\/10\/Entremontanas_Fotopelicula_27851-scaled.jpg?w=1920&amp;ssl=1 1920w\" sizes=\"(max-width: 621px) 100vw, 621px\" data-recalc-dims=\"1\" \/><\/a><\/p>\n<p><a href=\"https:\/\/twitter.com\/eduvicu\">@EduVicu<\/a><\/p>\n\n\n<div class=\"kk-star-ratings kksr-auto kksr-align-left kksr-valign-bottom\"\n    data-payload='{&quot;align&quot;:&quot;left&quot;,&quot;id&quot;:&quot;3486&quot;,&quot;slug&quot;:&quot;default&quot;,&quot;valign&quot;:&quot;bottom&quot;,&quot;ignore&quot;:&quot;&quot;,&quot;reference&quot;:&quot;auto&quot;,&quot;class&quot;:&quot;&quot;,&quot;count&quot;:&quot;2&quot;,&quot;legendonly&quot;:&quot;&quot;,&quot;readonly&quot;:&quot;&quot;,&quot;score&quot;:&quot;5&quot;,&quot;starsonly&quot;:&quot;&quot;,&quot;best&quot;:&quot;5&quot;,&quot;gap&quot;:&quot;5&quot;,&quot;greet&quot;:&quot;Rate this post&quot;,&quot;legend&quot;:&quot;5\\\/5 - (2 votos)&quot;,&quot;size&quot;:&quot;24&quot;,&quot;title&quot;:&quot;Esp\\u00edritu salvaje y libre&quot;,&quot;width&quot;:&quot;142.5&quot;,&quot;_legend&quot;:&quot;{score}\\\/{best} - ({count} {votes})&quot;,&quot;font_factor&quot;:&quot;1.25&quot;}'>\n            \n<div class=\"kksr-stars\">\n    \n<div class=\"kksr-stars-inactive\">\n            <div class=\"kksr-star\" data-star=\"1\" style=\"padding-right: 5px\">\n            \n\n<div class=\"kksr-icon\" style=\"width: 24px; height: 24px;\"><\/div>\n        <\/div>\n            <div class=\"kksr-star\" data-star=\"2\" style=\"padding-right: 5px\">\n            \n\n<div class=\"kksr-icon\" style=\"width: 24px; height: 24px;\"><\/div>\n        <\/div>\n            <div class=\"kksr-star\" data-star=\"3\" style=\"padding-right: 5px\">\n            \n\n<div class=\"kksr-icon\" style=\"width: 24px; height: 24px;\"><\/div>\n        <\/div>\n            <div class=\"kksr-star\" data-star=\"4\" style=\"padding-right: 5px\">\n            \n\n<div class=\"kksr-icon\" style=\"width: 24px; height: 24px;\"><\/div>\n        <\/div>\n            <div class=\"kksr-star\" data-star=\"5\" style=\"padding-right: 5px\">\n            \n\n<div class=\"kksr-icon\" style=\"width: 24px; height: 24px;\"><\/div>\n        <\/div>\n    <\/div>\n    \n<div class=\"kksr-stars-active\" style=\"width: 142.5px;\">\n            <div class=\"kksr-star\" style=\"padding-right: 5px\">\n            \n\n<div class=\"kksr-icon\" style=\"width: 24px; height: 24px;\"><\/div>\n        <\/div>\n            <div class=\"kksr-star\" style=\"padding-right: 5px\">\n            \n\n<div class=\"kksr-icon\" style=\"width: 24px; height: 24px;\"><\/div>\n        <\/div>\n            <div class=\"kksr-star\" style=\"padding-right: 5px\">\n            \n\n<div class=\"kksr-icon\" style=\"width: 24px; height: 24px;\"><\/div>\n        <\/div>\n            <div class=\"kksr-star\" style=\"padding-right: 5px\">\n            \n\n<div class=\"kksr-icon\" style=\"width: 24px; height: 24px;\"><\/div>\n        <\/div>\n            <div class=\"kksr-star\" style=\"padding-right: 5px\">\n            \n\n<div class=\"kksr-icon\" style=\"width: 24px; height: 24px;\"><\/div>\n        <\/div>\n    <\/div>\n<\/div>\n                \n\n<div class=\"kksr-legend\" style=\"font-size: 19.2px;\">\n            5\/5 - (2 votos)    <\/div>\n    <\/div>\n","protected":false},"excerpt":{"rendered":"<p>Desde hoy pod\u00e9is ver en cines la esperada \u00f3pera prima de Unai Canela, Entre monta\u00f1as. Se trata de una pel\u00edcula muy recomendable para todos los p\u00fablicos y pases en colegios, institutos y facultades que serpentea entre el documental, la reflexi\u00f3n y un divertido biopic escrito y dirigido por el propio Unai, con la colaboraci\u00f3n de <\/p>\n","protected":false},"author":4,"featured_media":3489,"comment_status":"open","ping_status":"closed","sticky":false,"template":"","format":"standard","meta":{"jetpack_post_was_ever_published":false,"_jetpack_newsletter_access":"","footnotes":"","jetpack_publicize_message":"","jetpack_is_tweetstorm":false,"jetpack_publicize_feature_enabled":true,"jetpack_social_post_already_shared":true,"jetpack_social_options":{"image_generator_settings":{"template":"highway","enabled":false}}},"categories":[2],"tags":[],"jetpack_publicize_connections":[],"aioseo_notices":[],"jetpack_featured_media_url":"https:\/\/i0.wp.com\/beat4people.com\/wp-content\/uploads\/2022\/10\/Entremontanas_Fotopelicula_27855-scaled.jpg?fit=2560%2C1440&ssl=1","jetpack_sharing_enabled":true,"jetpack_likes_enabled":true,"jetpack-related-posts":[],"_links":{"self":[{"href":"https:\/\/beat4people.com\/index.php\/wp-json\/wp\/v2\/posts\/3486"}],"collection":[{"href":"https:\/\/beat4people.com\/index.php\/wp-json\/wp\/v2\/posts"}],"about":[{"href":"https:\/\/beat4people.com\/index.php\/wp-json\/wp\/v2\/types\/post"}],"author":[{"embeddable":true,"href":"https:\/\/beat4people.com\/index.php\/wp-json\/wp\/v2\/users\/4"}],"replies":[{"embeddable":true,"href":"https:\/\/beat4people.com\/index.php\/wp-json\/wp\/v2\/comments?post=3486"}],"version-history":[{"count":1,"href":"https:\/\/beat4people.com\/index.php\/wp-json\/wp\/v2\/posts\/3486\/revisions"}],"predecessor-version":[{"id":3490,"href":"https:\/\/beat4people.com\/index.php\/wp-json\/wp\/v2\/posts\/3486\/revisions\/3490"}],"wp:featuredmedia":[{"embeddable":true,"href":"https:\/\/beat4people.com\/index.php\/wp-json\/wp\/v2\/media\/3489"}],"wp:attachment":[{"href":"https:\/\/beat4people.com\/index.php\/wp-json\/wp\/v2\/media?parent=3486"}],"wp:term":[{"taxonomy":"category","embeddable":true,"href":"https:\/\/beat4people.com\/index.php\/wp-json\/wp\/v2\/categories?post=3486"},{"taxonomy":"post_tag","embeddable":true,"href":"https:\/\/beat4people.com\/index.php\/wp-json\/wp\/v2\/tags?post=3486"}],"curies":[{"name":"wp","href":"https:\/\/api.w.org\/{rel}","templated":true}]}}