{"id":3688,"date":"2023-11-17T02:46:06","date_gmt":"2023-11-17T01:46:06","guid":{"rendered":"https:\/\/beat4people.com\/?p=3688"},"modified":"2023-11-17T02:46:06","modified_gmt":"2023-11-17T01:46:06","slug":"cena-sangrienta","status":"publish","type":"post","link":"https:\/\/beat4people.com\/index.php\/2023\/11\/17\/cena-sangrienta\/","title":{"rendered":"CENA SANGRIENTA"},"content":{"rendered":"<p style=\"text-align: justify;\"><a href=\"https:\/\/i0.wp.com\/beat4people.com\/wp-content\/uploads\/2023\/11\/Black_Friday-684613574-large.jpg?ssl=1\"><img data-attachment-id=\"3689\" data-permalink=\"https:\/\/beat4people.com\/index.php\/2023\/11\/17\/cena-sangrienta\/black_friday-684613574-large\/\" data-orig-file=\"https:\/\/i0.wp.com\/beat4people.com\/wp-content\/uploads\/2023\/11\/Black_Friday-684613574-large.jpg?fit=675%2C1200&amp;ssl=1\" data-orig-size=\"675,1200\" data-comments-opened=\"1\" data-image-meta=\"{&quot;aperture&quot;:&quot;0&quot;,&quot;credit&quot;:&quot;&quot;,&quot;camera&quot;:&quot;&quot;,&quot;caption&quot;:&quot;&quot;,&quot;created_timestamp&quot;:&quot;0&quot;,&quot;copyright&quot;:&quot;&quot;,&quot;focal_length&quot;:&quot;0&quot;,&quot;iso&quot;:&quot;0&quot;,&quot;shutter_speed&quot;:&quot;0&quot;,&quot;title&quot;:&quot;&quot;,&quot;orientation&quot;:&quot;0&quot;}\" data-image-title=\"Black_Friday-684613574-large\" data-image-description=\"\" data-image-caption=\"\" data-medium-file=\"https:\/\/i0.wp.com\/beat4people.com\/wp-content\/uploads\/2023\/11\/Black_Friday-684613574-large.jpg?fit=169%2C300&amp;ssl=1\" data-large-file=\"https:\/\/i0.wp.com\/beat4people.com\/wp-content\/uploads\/2023\/11\/Black_Friday-684613574-large.jpg?fit=576%2C1024&amp;ssl=1\" decoding=\"async\" loading=\"lazy\" class=\" wp-image-3689 alignleft\" src=\"https:\/\/i0.wp.com\/beat4people.com\/wp-content\/uploads\/2023\/11\/Black_Friday-684613574-large.jpg?resize=396%2C704&#038;ssl=1\" alt=\"\" width=\"396\" height=\"704\" srcset=\"https:\/\/i0.wp.com\/beat4people.com\/wp-content\/uploads\/2023\/11\/Black_Friday-684613574-large.jpg?w=675&amp;ssl=1 675w, https:\/\/i0.wp.com\/beat4people.com\/wp-content\/uploads\/2023\/11\/Black_Friday-684613574-large.jpg?resize=169%2C300&amp;ssl=1 169w, https:\/\/i0.wp.com\/beat4people.com\/wp-content\/uploads\/2023\/11\/Black_Friday-684613574-large.jpg?resize=576%2C1024&amp;ssl=1 576w, https:\/\/i0.wp.com\/beat4people.com\/wp-content\/uploads\/2023\/11\/Black_Friday-684613574-large.jpg?resize=236%2C420&amp;ssl=1 236w\" sizes=\"(max-width: 396px) 100vw, 396px\" data-recalc-dims=\"1\" \/><\/a>Acci\u00f3n de Gracias es, para casi todos los norteamericanos, la fiesta m\u00e1s importante del a\u00f1o, o casi. Es cuando se re\u00fanen en familia, m\u00e1s que en otras fechas se\u00f1aladas, por muy lejos que est\u00e9n sus miembros.<\/p>\n<p style=\"text-align: justify;\">Recientemente tambi\u00e9n se ha convertido, casi pervirtiendo su origen, en la \u00e9poca comercial m\u00e1s importante: el Black Friday.<\/p>\n<p style=\"text-align: justify;\">Sony nos presenta este viernes una mordaz cr\u00edtica al capitalismo extremo (abrir en festivos, ahorrar al m\u00e1ximo a toda costa, incluyendo la seguridad tanto de clientes como de trabajadores). Es una de esas pel\u00edculas que tanto le gustan a Javier P\u00e9rez Campos y a Paco P\u00e9rez Caballero, y que nos analizan para mostrarnos similitudes con la cr\u00f3nica negra real en el podcast <a href=\"https:\/\/www.ivoox.com\/podcast-senor-crimenes_sq_f11199536_1.html\">El Se\u00f1or de los Cr\u00edmenes<\/a>.<\/p>\n<p style=\"text-align: justify;\"><em><a href=\"https:\/\/www.filmaffinity.com\/es\/film507632.html\">Black Friday<\/a><\/em> trata de una venganza (algo que se adivina en los primeros compases de la historia) por una masacre sucedida tras la avalancha en la apertura de un centro comercial en Plymouth, (Massachusetts, -New England-).<\/p>\n<p style=\"text-align: justify;\">La venganza trascurre un a\u00f1o despu\u00e9s, con la persona responsable de la misma actuando meticulosamente contra quienes considera culpables, hostig\u00e1ndoles previamente.<\/p>\n<p style=\"text-align: justify;\">Las v\u00edctimas tratar\u00e1n de desenmascarar a qui\u00e9n est\u00e1 detr\u00e1s de los cr\u00edmenes, llevando una popular m\u00e1scara del primer gobernador de ese estado y vestido con el t\u00edpico traje de peregrino (estilo Salem y esa cacer\u00eda de brujas) emigrado de Europa.<\/p>\n<p style=\"text-align: justify;\">Siguiendo fielmente los c\u00e1nones del g\u00e9nero, pero con esta vuelta de tuerca en cuanto a la historia, usando una festividad familiar y de corte religioso frente a Halloween u otras macabras fechas (porque nada nuevo nos trae en la forma), Eli Roth (director de la brillante <em>Hostel<\/em> y su secuela) nos mantiene en continua tensi\u00f3n, haciendo c\u00e1balas junto con el reparto de qui\u00e9n puede estar detr\u00e1s de estos siniestros cr\u00edmenes que desembocan en una sangrienta cena donde no quedar\u00e1n ni los restos\u2026 \u00bfo conseguir\u00e1n salvarse?<\/p>\n<p style=\"text-align: justify;\">Hasta aqu\u00ed podemos contar, porque queremos que entr\u00e9is a la fiesta v\u00edrgenes. Eso s\u00ed, cuidado la siguiente vez que vay\u00e1is a un centro comercial en \u00e9poca de rebajas. Y sobre todo, en qui\u00e9n confi\u00e1is. Estad atentos, porque es, como dice Paco P\u00e9rez Caballero, la mejor forma de ser m\u00e1s fuertes que los malvados. De estar a salvo.<\/p>\n<p style=\"text-align: justify;\">Disfrutad y no os qued\u00e9is con hambre en esta fiesta tan visceral.<\/p>\n<p style=\"text-align: justify;\"><a href=\"https:\/\/twitter.com\/eduvicu\">@EduVicu<\/a><\/p>\n\n\n<div class=\"kk-star-ratings kksr-auto kksr-align-left kksr-valign-bottom\"\n    data-payload='{&quot;align&quot;:&quot;left&quot;,&quot;id&quot;:&quot;3688&quot;,&quot;slug&quot;:&quot;default&quot;,&quot;valign&quot;:&quot;bottom&quot;,&quot;ignore&quot;:&quot;&quot;,&quot;reference&quot;:&quot;auto&quot;,&quot;class&quot;:&quot;&quot;,&quot;count&quot;:&quot;0&quot;,&quot;legendonly&quot;:&quot;&quot;,&quot;readonly&quot;:&quot;&quot;,&quot;score&quot;:&quot;0&quot;,&quot;starsonly&quot;:&quot;&quot;,&quot;best&quot;:&quot;5&quot;,&quot;gap&quot;:&quot;5&quot;,&quot;greet&quot;:&quot;Rate this post&quot;,&quot;legend&quot;:&quot;0\\\/5 - (0 votos)&quot;,&quot;size&quot;:&quot;24&quot;,&quot;title&quot;:&quot;CENA SANGRIENTA&quot;,&quot;width&quot;:&quot;0&quot;,&quot;_legend&quot;:&quot;{score}\\\/{best} - ({count} {votes})&quot;,&quot;font_factor&quot;:&quot;1.25&quot;}'>\n            \n<div class=\"kksr-stars\">\n    \n<div class=\"kksr-stars-inactive\">\n            <div class=\"kksr-star\" data-star=\"1\" style=\"padding-right: 5px\">\n            \n\n<div class=\"kksr-icon\" style=\"width: 24px; height: 24px;\"><\/div>\n        <\/div>\n            <div class=\"kksr-star\" data-star=\"2\" style=\"padding-right: 5px\">\n            \n\n<div class=\"kksr-icon\" style=\"width: 24px; height: 24px;\"><\/div>\n        <\/div>\n            <div class=\"kksr-star\" data-star=\"3\" style=\"padding-right: 5px\">\n            \n\n<div class=\"kksr-icon\" style=\"width: 24px; height: 24px;\"><\/div>\n        <\/div>\n            <div class=\"kksr-star\" data-star=\"4\" style=\"padding-right: 5px\">\n            \n\n<div class=\"kksr-icon\" style=\"width: 24px; height: 24px;\"><\/div>\n        <\/div>\n            <div class=\"kksr-star\" data-star=\"5\" style=\"padding-right: 5px\">\n            \n\n<div class=\"kksr-icon\" style=\"width: 24px; height: 24px;\"><\/div>\n        <\/div>\n    <\/div>\n    \n<div class=\"kksr-stars-active\" style=\"width: 0px;\">\n            <div class=\"kksr-star\" style=\"padding-right: 5px\">\n            \n\n<div class=\"kksr-icon\" style=\"width: 24px; height: 24px;\"><\/div>\n        <\/div>\n            <div class=\"kksr-star\" style=\"padding-right: 5px\">\n            \n\n<div class=\"kksr-icon\" style=\"width: 24px; height: 24px;\"><\/div>\n        <\/div>\n            <div class=\"kksr-star\" style=\"padding-right: 5px\">\n            \n\n<div class=\"kksr-icon\" style=\"width: 24px; height: 24px;\"><\/div>\n        <\/div>\n            <div class=\"kksr-star\" style=\"padding-right: 5px\">\n            \n\n<div class=\"kksr-icon\" style=\"width: 24px; height: 24px;\"><\/div>\n        <\/div>\n            <div class=\"kksr-star\" style=\"padding-right: 5px\">\n            \n\n<div class=\"kksr-icon\" style=\"width: 24px; height: 24px;\"><\/div>\n        <\/div>\n    <\/div>\n<\/div>\n                \n\n<div class=\"kksr-legend\" style=\"font-size: 19.2px;\">\n            <span class=\"kksr-muted\">Rate this post<\/span>\n    <\/div>\n    <\/div>\n","protected":false},"excerpt":{"rendered":"<p>Acci\u00f3n de Gracias es, para casi todos los norteamericanos, la fiesta m\u00e1s importante del a\u00f1o, o casi. Es cuando se re\u00fanen en familia, m\u00e1s que en otras fechas se\u00f1aladas, por muy lejos que est\u00e9n sus miembros. Recientemente tambi\u00e9n se ha convertido, casi pervirtiendo su origen, en la \u00e9poca comercial m\u00e1s importante: el Black Friday. Sony <\/p>\n","protected":false},"author":4,"featured_media":3690,"comment_status":"open","ping_status":"closed","sticky":false,"template":"","format":"standard","meta":{"jetpack_post_was_ever_published":false,"_jetpack_newsletter_access":"","footnotes":"","jetpack_publicize_message":"","jetpack_is_tweetstorm":false,"jetpack_publicize_feature_enabled":true,"jetpack_social_post_already_shared":true,"jetpack_social_options":{"image_generator_settings":{"template":"highway","enabled":false}}},"categories":[2],"tags":[147],"jetpack_publicize_connections":[],"aioseo_notices":[],"jetpack_featured_media_url":"https:\/\/i0.wp.com\/beat4people.com\/wp-content\/uploads\/2023\/11\/THX_114_010_v005_1094_2000x1125_thumbnail.jpg?fit=2000%2C1125&ssl=1","jetpack_sharing_enabled":true,"jetpack_likes_enabled":true,"jetpack-related-posts":[],"_links":{"self":[{"href":"https:\/\/beat4people.com\/index.php\/wp-json\/wp\/v2\/posts\/3688"}],"collection":[{"href":"https:\/\/beat4people.com\/index.php\/wp-json\/wp\/v2\/posts"}],"about":[{"href":"https:\/\/beat4people.com\/index.php\/wp-json\/wp\/v2\/types\/post"}],"author":[{"embeddable":true,"href":"https:\/\/beat4people.com\/index.php\/wp-json\/wp\/v2\/users\/4"}],"replies":[{"embeddable":true,"href":"https:\/\/beat4people.com\/index.php\/wp-json\/wp\/v2\/comments?post=3688"}],"version-history":[{"count":1,"href":"https:\/\/beat4people.com\/index.php\/wp-json\/wp\/v2\/posts\/3688\/revisions"}],"predecessor-version":[{"id":3691,"href":"https:\/\/beat4people.com\/index.php\/wp-json\/wp\/v2\/posts\/3688\/revisions\/3691"}],"wp:featuredmedia":[{"embeddable":true,"href":"https:\/\/beat4people.com\/index.php\/wp-json\/wp\/v2\/media\/3690"}],"wp:attachment":[{"href":"https:\/\/beat4people.com\/index.php\/wp-json\/wp\/v2\/media?parent=3688"}],"wp:term":[{"taxonomy":"category","embeddable":true,"href":"https:\/\/beat4people.com\/index.php\/wp-json\/wp\/v2\/categories?post=3688"},{"taxonomy":"post_tag","embeddable":true,"href":"https:\/\/beat4people.com\/index.php\/wp-json\/wp\/v2\/tags?post=3688"}],"curies":[{"name":"wp","href":"https:\/\/api.w.org\/{rel}","templated":true}]}}