{"id":3741,"date":"2024-01-11T14:21:08","date_gmt":"2024-01-11T13:21:08","guid":{"rendered":"https:\/\/beat4people.com\/?p=3741"},"modified":"2024-01-11T14:21:08","modified_gmt":"2024-01-11T13:21:08","slug":"eterno-bautismo","status":"publish","type":"post","link":"https:\/\/beat4people.com\/index.php\/2024\/01\/11\/eterno-bautismo\/","title":{"rendered":"Eterno bautismo"},"content":{"rendered":"<p style=\"text-align: justify;\"><a href=\"https:\/\/i0.wp.com\/beat4people.com\/wp-content\/uploads\/2024\/01\/El-Rapto-Poster-70x100cm-scaled.jpg?ssl=1\"><img data-attachment-id=\"3742\" data-permalink=\"https:\/\/beat4people.com\/index.php\/2024\/01\/11\/eterno-bautismo\/el-rapto-poster-70x100cm\/\" data-orig-file=\"https:\/\/i0.wp.com\/beat4people.com\/wp-content\/uploads\/2024\/01\/El-Rapto-Poster-70x100cm-scaled.jpg?fit=1792%2C2560&amp;ssl=1\" data-orig-size=\"1792,2560\" data-comments-opened=\"1\" data-image-meta=\"{&quot;aperture&quot;:&quot;0&quot;,&quot;credit&quot;:&quot;&quot;,&quot;camera&quot;:&quot;&quot;,&quot;caption&quot;:&quot;&quot;,&quot;created_timestamp&quot;:&quot;0&quot;,&quot;copyright&quot;:&quot;&quot;,&quot;focal_length&quot;:&quot;0&quot;,&quot;iso&quot;:&quot;0&quot;,&quot;shutter_speed&quot;:&quot;0&quot;,&quot;title&quot;:&quot;&quot;,&quot;orientation&quot;:&quot;0&quot;}\" data-image-title=\"El-Rapto-Poster-70x100cm\" data-image-description=\"\" data-image-caption=\"\" data-medium-file=\"https:\/\/i0.wp.com\/beat4people.com\/wp-content\/uploads\/2024\/01\/El-Rapto-Poster-70x100cm-scaled.jpg?fit=210%2C300&amp;ssl=1\" data-large-file=\"https:\/\/i0.wp.com\/beat4people.com\/wp-content\/uploads\/2024\/01\/El-Rapto-Poster-70x100cm-scaled.jpg?fit=640%2C914&amp;ssl=1\" decoding=\"async\" loading=\"lazy\" class=\"wp-image-3742 alignleft\" src=\"https:\/\/i0.wp.com\/beat4people.com\/wp-content\/uploads\/2024\/01\/El-Rapto-Poster-70x100cm-scaled.jpg?resize=508%2C725&#038;ssl=1\" alt=\"\" width=\"508\" height=\"725\" srcset=\"https:\/\/i0.wp.com\/beat4people.com\/wp-content\/uploads\/2024\/01\/El-Rapto-Poster-70x100cm-scaled.jpg?w=1792&amp;ssl=1 1792w, https:\/\/i0.wp.com\/beat4people.com\/wp-content\/uploads\/2024\/01\/El-Rapto-Poster-70x100cm-scaled.jpg?resize=210%2C300&amp;ssl=1 210w, https:\/\/i0.wp.com\/beat4people.com\/wp-content\/uploads\/2024\/01\/El-Rapto-Poster-70x100cm-scaled.jpg?resize=717%2C1024&amp;ssl=1 717w, https:\/\/i0.wp.com\/beat4people.com\/wp-content\/uploads\/2024\/01\/El-Rapto-Poster-70x100cm-scaled.jpg?resize=768%2C1097&amp;ssl=1 768w, https:\/\/i0.wp.com\/beat4people.com\/wp-content\/uploads\/2024\/01\/El-Rapto-Poster-70x100cm-scaled.jpg?resize=1075%2C1536&amp;ssl=1 1075w, https:\/\/i0.wp.com\/beat4people.com\/wp-content\/uploads\/2024\/01\/El-Rapto-Poster-70x100cm-scaled.jpg?resize=1434%2C2048&amp;ssl=1 1434w, https:\/\/i0.wp.com\/beat4people.com\/wp-content\/uploads\/2024\/01\/El-Rapto-Poster-70x100cm-scaled.jpg?resize=696%2C994&amp;ssl=1 696w, https:\/\/i0.wp.com\/beat4people.com\/wp-content\/uploads\/2024\/01\/El-Rapto-Poster-70x100cm-scaled.jpg?resize=1068%2C1526&amp;ssl=1 1068w, https:\/\/i0.wp.com\/beat4people.com\/wp-content\/uploads\/2024\/01\/El-Rapto-Poster-70x100cm-scaled.jpg?resize=294%2C420&amp;ssl=1 294w, https:\/\/i0.wp.com\/beat4people.com\/wp-content\/uploads\/2024\/01\/El-Rapto-Poster-70x100cm-scaled.jpg?w=1280&amp;ssl=1 1280w\" sizes=\"(max-width: 508px) 100vw, 508px\" data-recalc-dims=\"1\" \/><\/a>\u00bfEs el bautismo eterno? \u00bfPuede serlo si se hace contra la familia del bautizado? \u00bfEs l\u00edcito, moral, educar a un ni\u00f1o contra la fe de su familia? Estas son las preguntas que surgen tras el visionado de la \u00e9pica pel\u00edcula <em><a href=\"https:\/\/www.imdb.com\/title\/tt14137416\/\">El rapto<\/a><\/em>, de Marco Bellocchio que V\u00e9rtigo Films estrena en nuestras pantallas el pr\u00f3ximo 12 de enero (candidata a las mejores pel\u00edculas, por lo menos a nivel europeo, de este reci\u00e9n iniciado 2024).<\/p>\n<p style=\"text-align: justify;\">No solo por el cuidado (hasta los m\u00e1s \u00ednfimos detalles -basta con ver las im\u00e1genes que ilustran este art\u00edculo-) dise\u00f1o de producci\u00f3n y cinematograf\u00eda, espectaculares y merecedores de premios, sino por la historia, la por desgracia eterna lucha religiosa (que por fin parece ir muy poco a poco super\u00e1ndose -al menos entre jud\u00edos y cristianos-) y por el mensaje que da. Esos interrogantes que planteaba al inicio.<\/p>\n<p style=\"text-align: justify;\">Es interesante ver la evoluci\u00f3n del protagonista, el peque\u00f1o Edgardo Mortara, desde que es secuestrado por ser clandestinamente bautizado por la criada del hogar hasta que se hace adulto.<\/p>\n<p style=\"text-align: justify;\">Por una parte, se nos desvela c\u00f3mo funcionan los m\u00e9todos persuasivos y de adoctrinamiento, pero por otra se demuestra que responder con violencia, haciendo una causa b\u00e9lica de un suceso, no sirve de nada y que, en el fondo, el verdadero mensaje de ambas religiones es el mismo.<\/p>\n<p style=\"text-align: justify;\">No hay m\u00e1s que escuchar al propio Bellocchio para entender las motivaciones detr\u00e1s de la pel\u00edcula: &lt;&lt;La historia del rapto de este ni\u00f1o jud\u00edo, Edgardo Mortara, me interesa especialmente porque me permite, por encima de todo, plasmar en la pantalla un crimen cometido en nombre de un principio absoluto. \u201cTe rapto porque Dios lo ha querido as\u00ed. Y no te puedo devolver a tu familia. Est\u00e1s bautizado, y por ese simple hecho eres cat\u00f3lico para la eternidad. (\u2026) \u00c9sta es una pel\u00edcula, no un libro de historia o de \u00ad filosof\u00eda. No tiene una intencionalidad ideol\u00f3gica.\u201d&gt;&gt;. Resulta muy interesante leer la reflexi\u00f3n entera, que no incluyo aqu\u00ed para los que quer\u00e1is evitar spoilers, en la web de <a href=\"https:\/\/www.vertigofilms.es\/movie\/el-rapto\/\">V\u00e9rtigo Films<\/a>, (descargando el pressbook).<\/p>\n<p style=\"text-align: justify;\">Ah\u00ed tambi\u00e9n se pueden leer las palabras de Pina Totaro, asesora hist\u00f3rica, que muestran como &lt;&lt;el denominado \u201casunto Mortara\u201d se inscribe, de manera dram\u00e1tica, en un contexto hist\u00f3rico que ya no era s\u00f3lo italiano ni exclusivamente jud\u00edo, y cuyas principales \u00ad figuras son el Papa, el emperador Napole\u00f3n III, Camilio Cavour y el secretario de Estado de la Santa Sede, Giacomo Antonelli. \u00c9ste, anticip\u00e1ndose al estallido de la \u201ccuesti\u00f3n romana\u201d a\u00adfirma, de manera bastante contundente: \u201c\u00a1Estamos acabados! \u00a1Estamos acabados!\u201d&gt;&gt;.<\/p>\n<p style=\"text-align: justify;\">Una pel\u00edcula premiada en la 68 edici\u00f3n de la Semana Internacional de Cine de Valladolid (SEMINCI), llev\u00e1ndose el galard\u00f3n al mejor guion, que Marco Bellocchio firma junto a Susanna Nichiarelli. Merecido galard\u00f3n, tanto por el lado t\u00e9cnico y visual, donde el vestuario, la fotograf\u00eda y la direcci\u00f3n de arte nos sumergen en un relato \u00e9pico de la convulsa Europa de 1858 (\u00bfgermen de lo que vendr\u00eda despu\u00e9s?) como por la historia que nos muestra como el cine puede ser, adem\u00e1s de entretenimiento y arte, una valiosa herramienta educativa. Por todo ello, recomendamos su visionado, y si puede ser, en pantalla grande.<\/p>\n<p><a href=\"https:\/\/i0.wp.com\/beat4people.com\/wp-content\/uploads\/2024\/01\/Rapito-di-Marco-Bellocchio_ph-Anna-Camerlingo_DSC2925-1-scaled-1.jpg?ssl=1\"><img data-attachment-id=\"3744\" data-permalink=\"https:\/\/beat4people.com\/index.php\/2024\/01\/11\/eterno-bautismo\/rapito-di-marco-bellocchio_ph-anna-camerlingo_dsc2925-1-scaled\/\" data-orig-file=\"https:\/\/i0.wp.com\/beat4people.com\/wp-content\/uploads\/2024\/01\/Rapito-di-Marco-Bellocchio_ph-Anna-Camerlingo_DSC2925-1-scaled-1.jpg?fit=2560%2C1703&amp;ssl=1\" data-orig-size=\"2560,1703\" data-comments-opened=\"1\" data-image-meta=\"{&quot;aperture&quot;:&quot;20&quot;,&quot;credit&quot;:&quot;ANNA CAMERLINGO&quot;,&quot;camera&quot;:&quot;NIKON Z 6_2&quot;,&quot;caption&quot;:&quot;&quot;,&quot;created_timestamp&quot;:&quot;1657283033&quot;,&quot;copyright&quot;:&quot;ANNA CAMERLINGO&quot;,&quot;focal_length&quot;:&quot;140&quot;,&quot;iso&quot;:&quot;500&quot;,&quot;shutter_speed&quot;:&quot;0.004&quot;,&quot;title&quot;:&quot;&quot;,&quot;orientation&quot;:&quot;1&quot;}\" data-image-title=\"Rapito-di-Marco-Bellocchio_ph-Anna-Camerlingo_DSC2925-1-scaled\" data-image-description=\"\" data-image-caption=\"\" data-medium-file=\"https:\/\/i0.wp.com\/beat4people.com\/wp-content\/uploads\/2024\/01\/Rapito-di-Marco-Bellocchio_ph-Anna-Camerlingo_DSC2925-1-scaled-1.jpg?fit=300%2C200&amp;ssl=1\" data-large-file=\"https:\/\/i0.wp.com\/beat4people.com\/wp-content\/uploads\/2024\/01\/Rapito-di-Marco-Bellocchio_ph-Anna-Camerlingo_DSC2925-1-scaled-1.jpg?fit=640%2C426&amp;ssl=1\" decoding=\"async\" loading=\"lazy\" class=\"alignnone size-full wp-image-3744\" src=\"https:\/\/i0.wp.com\/beat4people.com\/wp-content\/uploads\/2024\/01\/Rapito-di-Marco-Bellocchio_ph-Anna-Camerlingo_DSC2925-1-scaled-1.jpg?resize=640%2C426&#038;ssl=1\" alt=\"\" width=\"640\" height=\"426\" srcset=\"https:\/\/i0.wp.com\/beat4people.com\/wp-content\/uploads\/2024\/01\/Rapito-di-Marco-Bellocchio_ph-Anna-Camerlingo_DSC2925-1-scaled-1.jpg?w=2560&amp;ssl=1 2560w, https:\/\/i0.wp.com\/beat4people.com\/wp-content\/uploads\/2024\/01\/Rapito-di-Marco-Bellocchio_ph-Anna-Camerlingo_DSC2925-1-scaled-1.jpg?resize=300%2C200&amp;ssl=1 300w, https:\/\/i0.wp.com\/beat4people.com\/wp-content\/uploads\/2024\/01\/Rapito-di-Marco-Bellocchio_ph-Anna-Camerlingo_DSC2925-1-scaled-1.jpg?resize=1024%2C681&amp;ssl=1 1024w, https:\/\/i0.wp.com\/beat4people.com\/wp-content\/uploads\/2024\/01\/Rapito-di-Marco-Bellocchio_ph-Anna-Camerlingo_DSC2925-1-scaled-1.jpg?resize=768%2C511&amp;ssl=1 768w, https:\/\/i0.wp.com\/beat4people.com\/wp-content\/uploads\/2024\/01\/Rapito-di-Marco-Bellocchio_ph-Anna-Camerlingo_DSC2925-1-scaled-1.jpg?resize=1536%2C1022&amp;ssl=1 1536w, https:\/\/i0.wp.com\/beat4people.com\/wp-content\/uploads\/2024\/01\/Rapito-di-Marco-Bellocchio_ph-Anna-Camerlingo_DSC2925-1-scaled-1.jpg?resize=2048%2C1362&amp;ssl=1 2048w, https:\/\/i0.wp.com\/beat4people.com\/wp-content\/uploads\/2024\/01\/Rapito-di-Marco-Bellocchio_ph-Anna-Camerlingo_DSC2925-1-scaled-1.jpg?resize=696%2C463&amp;ssl=1 696w, https:\/\/i0.wp.com\/beat4people.com\/wp-content\/uploads\/2024\/01\/Rapito-di-Marco-Bellocchio_ph-Anna-Camerlingo_DSC2925-1-scaled-1.jpg?resize=1068%2C710&amp;ssl=1 1068w, https:\/\/i0.wp.com\/beat4people.com\/wp-content\/uploads\/2024\/01\/Rapito-di-Marco-Bellocchio_ph-Anna-Camerlingo_DSC2925-1-scaled-1.jpg?resize=631%2C420&amp;ssl=1 631w, https:\/\/i0.wp.com\/beat4people.com\/wp-content\/uploads\/2024\/01\/Rapito-di-Marco-Bellocchio_ph-Anna-Camerlingo_DSC2925-1-scaled-1.jpg?w=1280&amp;ssl=1 1280w, https:\/\/i0.wp.com\/beat4people.com\/wp-content\/uploads\/2024\/01\/Rapito-di-Marco-Bellocchio_ph-Anna-Camerlingo_DSC2925-1-scaled-1.jpg?w=1920&amp;ssl=1 1920w\" sizes=\"(max-width: 640px) 100vw, 640px\" data-recalc-dims=\"1\" \/><\/a><\/p>\n<p style=\"text-align: justify;\"><a href=\"https:\/\/twitter.com\/eduvicu\">@EduVicu<\/a><\/p>\n\n\n<div class=\"kk-star-ratings kksr-auto kksr-align-left kksr-valign-bottom\"\n    data-payload='{&quot;align&quot;:&quot;left&quot;,&quot;id&quot;:&quot;3741&quot;,&quot;slug&quot;:&quot;default&quot;,&quot;valign&quot;:&quot;bottom&quot;,&quot;ignore&quot;:&quot;&quot;,&quot;reference&quot;:&quot;auto&quot;,&quot;class&quot;:&quot;&quot;,&quot;count&quot;:&quot;0&quot;,&quot;legendonly&quot;:&quot;&quot;,&quot;readonly&quot;:&quot;&quot;,&quot;score&quot;:&quot;0&quot;,&quot;starsonly&quot;:&quot;&quot;,&quot;best&quot;:&quot;5&quot;,&quot;gap&quot;:&quot;5&quot;,&quot;greet&quot;:&quot;Rate this post&quot;,&quot;legend&quot;:&quot;0\\\/5 - (0 votos)&quot;,&quot;size&quot;:&quot;24&quot;,&quot;title&quot;:&quot;Eterno bautismo&quot;,&quot;width&quot;:&quot;0&quot;,&quot;_legend&quot;:&quot;{score}\\\/{best} - ({count} {votes})&quot;,&quot;font_factor&quot;:&quot;1.25&quot;}'>\n            \n<div class=\"kksr-stars\">\n    \n<div class=\"kksr-stars-inactive\">\n            <div class=\"kksr-star\" data-star=\"1\" style=\"padding-right: 5px\">\n            \n\n<div class=\"kksr-icon\" style=\"width: 24px; height: 24px;\"><\/div>\n        <\/div>\n            <div class=\"kksr-star\" data-star=\"2\" style=\"padding-right: 5px\">\n            \n\n<div class=\"kksr-icon\" style=\"width: 24px; height: 24px;\"><\/div>\n        <\/div>\n            <div class=\"kksr-star\" data-star=\"3\" style=\"padding-right: 5px\">\n            \n\n<div class=\"kksr-icon\" style=\"width: 24px; height: 24px;\"><\/div>\n        <\/div>\n            <div class=\"kksr-star\" data-star=\"4\" style=\"padding-right: 5px\">\n            \n\n<div class=\"kksr-icon\" style=\"width: 24px; height: 24px;\"><\/div>\n        <\/div>\n            <div class=\"kksr-star\" data-star=\"5\" style=\"padding-right: 5px\">\n            \n\n<div class=\"kksr-icon\" style=\"width: 24px; height: 24px;\"><\/div>\n        <\/div>\n    <\/div>\n    \n<div class=\"kksr-stars-active\" style=\"width: 0px;\">\n            <div class=\"kksr-star\" style=\"padding-right: 5px\">\n            \n\n<div class=\"kksr-icon\" style=\"width: 24px; height: 24px;\"><\/div>\n        <\/div>\n            <div class=\"kksr-star\" style=\"padding-right: 5px\">\n            \n\n<div class=\"kksr-icon\" style=\"width: 24px; height: 24px;\"><\/div>\n        <\/div>\n            <div class=\"kksr-star\" style=\"padding-right: 5px\">\n            \n\n<div class=\"kksr-icon\" style=\"width: 24px; height: 24px;\"><\/div>\n        <\/div>\n            <div class=\"kksr-star\" style=\"padding-right: 5px\">\n            \n\n<div class=\"kksr-icon\" style=\"width: 24px; height: 24px;\"><\/div>\n        <\/div>\n            <div class=\"kksr-star\" style=\"padding-right: 5px\">\n            \n\n<div class=\"kksr-icon\" style=\"width: 24px; height: 24px;\"><\/div>\n        <\/div>\n    <\/div>\n<\/div>\n                \n\n<div class=\"kksr-legend\" style=\"font-size: 19.2px;\">\n            <span class=\"kksr-muted\">Rate this post<\/span>\n    <\/div>\n    <\/div>\n","protected":false},"excerpt":{"rendered":"<p>\u00bfEs el bautismo eterno? \u00bfPuede serlo si se hace contra la familia del bautizado? \u00bfEs l\u00edcito, moral, educar a un ni\u00f1o contra la fe de su familia? Estas son las preguntas que surgen tras el visionado de la \u00e9pica pel\u00edcula El rapto, de Marco Bellocchio que V\u00e9rtigo Films estrena en nuestras pantallas el pr\u00f3ximo 12 <\/p>\n","protected":false},"author":4,"featured_media":3743,"comment_status":"open","ping_status":"closed","sticky":false,"template":"","format":"standard","meta":{"jetpack_post_was_ever_published":false,"_jetpack_newsletter_access":"","footnotes":"","jetpack_publicize_message":"","jetpack_is_tweetstorm":false,"jetpack_publicize_feature_enabled":true,"jetpack_social_post_already_shared":true,"jetpack_social_options":{"image_generator_settings":{"template":"highway","enabled":false}}},"categories":[2],"tags":[143],"jetpack_publicize_connections":[],"aioseo_notices":[],"jetpack_featured_media_url":"https:\/\/i0.wp.com\/beat4people.com\/wp-content\/uploads\/2024\/01\/foto-rapito-11-low-1.jpg?fit=1500%2C998&ssl=1","jetpack_sharing_enabled":true,"jetpack_likes_enabled":true,"jetpack-related-posts":[],"_links":{"self":[{"href":"https:\/\/beat4people.com\/index.php\/wp-json\/wp\/v2\/posts\/3741"}],"collection":[{"href":"https:\/\/beat4people.com\/index.php\/wp-json\/wp\/v2\/posts"}],"about":[{"href":"https:\/\/beat4people.com\/index.php\/wp-json\/wp\/v2\/types\/post"}],"author":[{"embeddable":true,"href":"https:\/\/beat4people.com\/index.php\/wp-json\/wp\/v2\/users\/4"}],"replies":[{"embeddable":true,"href":"https:\/\/beat4people.com\/index.php\/wp-json\/wp\/v2\/comments?post=3741"}],"version-history":[{"count":1,"href":"https:\/\/beat4people.com\/index.php\/wp-json\/wp\/v2\/posts\/3741\/revisions"}],"predecessor-version":[{"id":3745,"href":"https:\/\/beat4people.com\/index.php\/wp-json\/wp\/v2\/posts\/3741\/revisions\/3745"}],"wp:featuredmedia":[{"embeddable":true,"href":"https:\/\/beat4people.com\/index.php\/wp-json\/wp\/v2\/media\/3743"}],"wp:attachment":[{"href":"https:\/\/beat4people.com\/index.php\/wp-json\/wp\/v2\/media?parent=3741"}],"wp:term":[{"taxonomy":"category","embeddable":true,"href":"https:\/\/beat4people.com\/index.php\/wp-json\/wp\/v2\/categories?post=3741"},{"taxonomy":"post_tag","embeddable":true,"href":"https:\/\/beat4people.com\/index.php\/wp-json\/wp\/v2\/tags?post=3741"}],"curies":[{"name":"wp","href":"https:\/\/api.w.org\/{rel}","templated":true}]}}