{"id":3883,"date":"2024-09-19T15:18:45","date_gmt":"2024-09-19T14:18:45","guid":{"rendered":"https:\/\/beat4people.com\/?p=3883"},"modified":"2024-10-18T18:15:43","modified_gmt":"2024-10-18T17:15:43","slug":"pequena-osa","status":"publish","type":"post","link":"https:\/\/beat4people.com\/index.php\/2024\/09\/19\/pequena-osa\/","title":{"rendered":"Peque\u00f1a Osa"},"content":{"rendered":"<p style=\"text-align: justify;\">Peque\u00f1a Osa es el nuevo film de animaci\u00f3n dirigido por el director peruano <a href=\"https:\/\/es.wikipedia.org\/wiki\/Eduardo_Schuldt\">Eduardo Schuldt<\/a> (\u201c<a href=\"https:\/\/es.wikipedia.org\/wiki\/Una_aventura_gigante\">Una aventura gigante<\/a>\u201d, \u201c<a href=\"https:\/\/es.wikipedia.org\/wiki\/El_Delf%C3%ADn:_La_historia_de_un_so%C3%B1ador\">El Delf\u00edn: La historia de un so\u00f1ador<\/a>\u201d, etc), que est\u00e1 basada en la novela \u201cMilagros, una osa extraordinaria\u00bb del escritor <a href=\"https:\/\/es.wikipedia.org\/wiki\/Hern%C3%A1n_Garrido_Lecca\">Hern\u00e1n Garrido-Lecca<\/a>, que fue galardonada con el <a href=\"https:\/\/es.wikipedia.org\/wiki\/Premio_Nacional_Ambiental_Antonio_Brack_Egg\">Premio Nacional Ambiental Antonio Brack Egg<\/a> en 2014.<\/p>\n<p style=\"text-align: justify;\">Milagros, una osa de anteojos, vive con su madre y su hermano Yana Yana en el bosque h\u00famedo de Chachapoyas. Su madre les ense\u00f1a a valorar y a respetar la naturaleza, pero la acci\u00f3n de los runas (seres humanos) est\u00e1 provocando que su hogar est\u00e9 siendo destruido.<\/p>\n<p style=\"text-align: justify;\">Milagros deber\u00e1 aprender pronto a protegerse de los humanos y de algunos animales para poder cuidar de su hermano. La amistad con un zorrito le llevar\u00e1 a no desvanecer en su empe\u00f1o por cumplir la promesa que hace a su madre.<\/p>\n<p style=\"text-align: justify;\">Adem\u00e1s, Milagros descubrir\u00e1 que tiene un don especial que le permitir\u00e1 proteger lo que m\u00e1s quiere, los bosques de la Amazon\u00eda peruana.<\/p>\n<p style=\"text-align: justify;\">A trav\u00e9s de los ojos de esta osa y con bastante acci\u00f3n, Hern\u00e1n Garrido-Lecca nos ense\u00f1a el da\u00f1o que la acci\u00f3n humana est\u00e1 haciendo en la naturaleza y, nos recuerda que todav\u00eda estamos a tiempo de revertir este da\u00f1o con valor y coraje.<\/p>\n<p>La pel\u00edcula se estrena este viernes 20 de septiembre en los cines.<\/p>\n<p><a href=\"https:\/\/i0.wp.com\/beat4people.com\/wp-content\/uploads\/2024\/09\/pequena-osa.jpg?ssl=1\"><img data-attachment-id=\"3884\" data-permalink=\"https:\/\/beat4people.com\/index.php\/2024\/09\/19\/pequena-osa\/pequena-osa-2\/\" data-orig-file=\"https:\/\/i0.wp.com\/beat4people.com\/wp-content\/uploads\/2024\/09\/pequena-osa.jpg?fit=186%2C271&amp;ssl=1\" data-orig-size=\"186,271\" data-comments-opened=\"1\" data-image-meta=\"{&quot;aperture&quot;:&quot;0&quot;,&quot;credit&quot;:&quot;&quot;,&quot;camera&quot;:&quot;&quot;,&quot;caption&quot;:&quot;&quot;,&quot;created_timestamp&quot;:&quot;0&quot;,&quot;copyright&quot;:&quot;&quot;,&quot;focal_length&quot;:&quot;0&quot;,&quot;iso&quot;:&quot;0&quot;,&quot;shutter_speed&quot;:&quot;0&quot;,&quot;title&quot;:&quot;&quot;,&quot;orientation&quot;:&quot;0&quot;}\" data-image-title=\"peque\u00f1a osa\" data-image-description=\"\" data-image-caption=\"\" data-medium-file=\"https:\/\/i0.wp.com\/beat4people.com\/wp-content\/uploads\/2024\/09\/pequena-osa.jpg?fit=186%2C271&amp;ssl=1\" data-large-file=\"https:\/\/i0.wp.com\/beat4people.com\/wp-content\/uploads\/2024\/09\/pequena-osa.jpg?fit=186%2C271&amp;ssl=1\" decoding=\"async\" loading=\"lazy\" class=\"size-full wp-image-3884 aligncenter\" src=\"https:\/\/i0.wp.com\/beat4people.com\/wp-content\/uploads\/2024\/09\/pequena-osa.jpg?resize=186%2C271&#038;ssl=1\" alt=\"\" width=\"186\" height=\"271\" data-recalc-dims=\"1\" \/><\/a><\/p>\n\n\n<div class=\"kk-star-ratings kksr-auto kksr-align-left kksr-valign-bottom\"\n    data-payload='{&quot;align&quot;:&quot;left&quot;,&quot;id&quot;:&quot;3883&quot;,&quot;slug&quot;:&quot;default&quot;,&quot;valign&quot;:&quot;bottom&quot;,&quot;ignore&quot;:&quot;&quot;,&quot;reference&quot;:&quot;auto&quot;,&quot;class&quot;:&quot;&quot;,&quot;count&quot;:&quot;2&quot;,&quot;legendonly&quot;:&quot;&quot;,&quot;readonly&quot;:&quot;&quot;,&quot;score&quot;:&quot;5&quot;,&quot;starsonly&quot;:&quot;&quot;,&quot;best&quot;:&quot;5&quot;,&quot;gap&quot;:&quot;5&quot;,&quot;greet&quot;:&quot;Rate this post&quot;,&quot;legend&quot;:&quot;5\\\/5 - (2 votos)&quot;,&quot;size&quot;:&quot;24&quot;,&quot;title&quot;:&quot;Peque\\u00f1a Osa&quot;,&quot;width&quot;:&quot;142.5&quot;,&quot;_legend&quot;:&quot;{score}\\\/{best} - ({count} {votes})&quot;,&quot;font_factor&quot;:&quot;1.25&quot;}'>\n            \n<div class=\"kksr-stars\">\n    \n<div class=\"kksr-stars-inactive\">\n            <div class=\"kksr-star\" data-star=\"1\" style=\"padding-right: 5px\">\n            \n\n<div class=\"kksr-icon\" style=\"width: 24px; height: 24px;\"><\/div>\n        <\/div>\n            <div class=\"kksr-star\" data-star=\"2\" style=\"padding-right: 5px\">\n            \n\n<div class=\"kksr-icon\" style=\"width: 24px; height: 24px;\"><\/div>\n        <\/div>\n            <div class=\"kksr-star\" data-star=\"3\" style=\"padding-right: 5px\">\n            \n\n<div class=\"kksr-icon\" style=\"width: 24px; height: 24px;\"><\/div>\n        <\/div>\n            <div class=\"kksr-star\" data-star=\"4\" style=\"padding-right: 5px\">\n            \n\n<div class=\"kksr-icon\" style=\"width: 24px; height: 24px;\"><\/div>\n        <\/div>\n            <div class=\"kksr-star\" data-star=\"5\" style=\"padding-right: 5px\">\n            \n\n<div class=\"kksr-icon\" style=\"width: 24px; height: 24px;\"><\/div>\n        <\/div>\n    <\/div>\n    \n<div class=\"kksr-stars-active\" style=\"width: 142.5px;\">\n            <div class=\"kksr-star\" style=\"padding-right: 5px\">\n            \n\n<div class=\"kksr-icon\" style=\"width: 24px; height: 24px;\"><\/div>\n        <\/div>\n            <div class=\"kksr-star\" style=\"padding-right: 5px\">\n            \n\n<div class=\"kksr-icon\" style=\"width: 24px; height: 24px;\"><\/div>\n        <\/div>\n            <div class=\"kksr-star\" style=\"padding-right: 5px\">\n            \n\n<div class=\"kksr-icon\" style=\"width: 24px; height: 24px;\"><\/div>\n        <\/div>\n            <div class=\"kksr-star\" style=\"padding-right: 5px\">\n            \n\n<div class=\"kksr-icon\" style=\"width: 24px; height: 24px;\"><\/div>\n        <\/div>\n            <div class=\"kksr-star\" style=\"padding-right: 5px\">\n            \n\n<div class=\"kksr-icon\" style=\"width: 24px; height: 24px;\"><\/div>\n        <\/div>\n    <\/div>\n<\/div>\n                \n\n<div class=\"kksr-legend\" style=\"font-size: 19.2px;\">\n            5\/5 - (2 votos)    <\/div>\n    <\/div>\n","protected":false},"excerpt":{"rendered":"<p>Peque\u00f1a Osa es el nuevo film de animaci\u00f3n dirigido por el director peruano Eduardo Schuldt (\u201cUna aventura gigante\u201d, \u201cEl Delf\u00edn: La historia de un so\u00f1ador\u201d, etc), que est\u00e1 basada en la novela \u201cMilagros, una osa extraordinaria\u00bb del escritor Hern\u00e1n Garrido-Lecca, que fue galardonada con el Premio Nacional Ambiental Antonio Brack Egg en 2014. Milagros, una <\/p>\n","protected":false},"author":1,"featured_media":3895,"comment_status":"open","ping_status":"closed","sticky":false,"template":"","format":"standard","meta":{"jetpack_post_was_ever_published":false,"_jetpack_newsletter_access":"","footnotes":"","jetpack_publicize_message":"","jetpack_is_tweetstorm":false,"jetpack_publicize_feature_enabled":true,"jetpack_social_post_already_shared":true,"jetpack_social_options":{"image_generator_settings":{"template":"highway","enabled":false}}},"categories":[2],"tags":[94],"jetpack_publicize_connections":[],"aioseo_notices":[],"jetpack_featured_media_url":"https:\/\/i0.wp.com\/beat4people.com\/wp-content\/uploads\/2024\/09\/Pequena-osa-banner.jpg?fit=880%2C495&ssl=1","jetpack_sharing_enabled":true,"jetpack_likes_enabled":true,"jetpack-related-posts":[],"_links":{"self":[{"href":"https:\/\/beat4people.com\/index.php\/wp-json\/wp\/v2\/posts\/3883"}],"collection":[{"href":"https:\/\/beat4people.com\/index.php\/wp-json\/wp\/v2\/posts"}],"about":[{"href":"https:\/\/beat4people.com\/index.php\/wp-json\/wp\/v2\/types\/post"}],"author":[{"embeddable":true,"href":"https:\/\/beat4people.com\/index.php\/wp-json\/wp\/v2\/users\/1"}],"replies":[{"embeddable":true,"href":"https:\/\/beat4people.com\/index.php\/wp-json\/wp\/v2\/comments?post=3883"}],"version-history":[{"count":1,"href":"https:\/\/beat4people.com\/index.php\/wp-json\/wp\/v2\/posts\/3883\/revisions"}],"predecessor-version":[{"id":3885,"href":"https:\/\/beat4people.com\/index.php\/wp-json\/wp\/v2\/posts\/3883\/revisions\/3885"}],"wp:featuredmedia":[{"embeddable":true,"href":"https:\/\/beat4people.com\/index.php\/wp-json\/wp\/v2\/media\/3895"}],"wp:attachment":[{"href":"https:\/\/beat4people.com\/index.php\/wp-json\/wp\/v2\/media?parent=3883"}],"wp:term":[{"taxonomy":"category","embeddable":true,"href":"https:\/\/beat4people.com\/index.php\/wp-json\/wp\/v2\/categories?post=3883"},{"taxonomy":"post_tag","embeddable":true,"href":"https:\/\/beat4people.com\/index.php\/wp-json\/wp\/v2\/tags?post=3883"}],"curies":[{"name":"wp","href":"https:\/\/api.w.org\/{rel}","templated":true}]}}