{"id":557,"date":"2016-05-24T14:51:17","date_gmt":"2016-05-24T14:51:17","guid":{"rendered":"http:\/\/beat4people.com\/?p=557"},"modified":"2016-05-24T14:51:17","modified_gmt":"2016-05-24T14:51:17","slug":"utopia-el-festival-de-musica-dance-mas-esperado-de-la-primavera","status":"publish","type":"post","link":"https:\/\/beat4people.com\/index.php\/2016\/05\/24\/utopia-el-festival-de-musica-dance-mas-esperado-de-la-primavera\/","title":{"rendered":"UTOP\u00cdA: El festival de m\u00fasica dance m\u00e1s esperado de la primavera."},"content":{"rendered":"<p class=\"Normal1\" style=\"text-align: justify;\"><a href=\"https:\/\/i0.wp.com\/beat4people.com\/wp-content\/uploads\/2016\/05\/cartel.jpg\"><img data-attachment-id=\"558\" data-permalink=\"https:\/\/beat4people.com\/index.php\/2016\/05\/24\/utopia-el-festival-de-musica-dance-mas-esperado-de-la-primavera\/cartel\/\" data-orig-file=\"https:\/\/i0.wp.com\/beat4people.com\/wp-content\/uploads\/2016\/05\/cartel.jpg?fit=189%2C267&amp;ssl=1\" data-orig-size=\"189,267\" data-comments-opened=\"1\" data-image-meta=\"{&quot;aperture&quot;:&quot;0&quot;,&quot;credit&quot;:&quot;&quot;,&quot;camera&quot;:&quot;&quot;,&quot;caption&quot;:&quot;&quot;,&quot;created_timestamp&quot;:&quot;0&quot;,&quot;copyright&quot;:&quot;&quot;,&quot;focal_length&quot;:&quot;0&quot;,&quot;iso&quot;:&quot;0&quot;,&quot;shutter_speed&quot;:&quot;0&quot;,&quot;title&quot;:&quot;&quot;,&quot;orientation&quot;:&quot;0&quot;}\" data-image-title=\"cartel\" data-image-description=\"\" data-image-caption=\"\" data-medium-file=\"https:\/\/i0.wp.com\/beat4people.com\/wp-content\/uploads\/2016\/05\/cartel.jpg?fit=189%2C267&amp;ssl=1\" data-large-file=\"https:\/\/i0.wp.com\/beat4people.com\/wp-content\/uploads\/2016\/05\/cartel.jpg?fit=189%2C267&amp;ssl=1\" decoding=\"async\" loading=\"lazy\" class=\"size-full wp-image-558 alignleft\" src=\"https:\/\/i0.wp.com\/beat4people.com\/wp-content\/uploads\/2016\/05\/cartel.jpg?resize=189%2C267\" alt=\"cartel\" width=\"189\" height=\"267\" data-recalc-dims=\"1\" \/><\/a>En apenas dos semanas la Universidad Complutense de Madrid acoger\u00e1 al festival de m\u00fasica electr\u00f3nica m\u00e1s esperado de la primavera que debuta en su primera edici\u00f3n con un cartel so\u00f1ado y una producci\u00f3n que dar\u00e1 mucho que hablar. Los pr\u00f3ximos 4 y 5 de junio de 12pm a 1am la isla ef\u00edmera de\u00a0<b>UTOP\u00cdA<\/b>\u00a0\u2013\u00a0<a href=\"http:\/\/www.festivalutopia.com\/\">www.festivalutopia.com<\/a>\u00a0&#8211; abrir\u00e1 sus puertas para que los\u00a0<i>utopians<\/i>\u00a0disfruten de un fin de semana de m\u00fasica, diversi\u00f3n y felicidad.<\/p>\n<p class=\"Normal1\" style=\"text-align: justify;\"><b>Con un cartel espectacular en el que se incluyen los grandes nombres de la m\u00fasica dance entre los que no pod\u00edan faltar<\/b><b>David Guetta, Diplo, Armin Van Buuren, Alesso, Nicky Romero, Rudimental, Martin Solveig, Showtek<\/b>, y muchos m\u00e1s artistas ya confirmados,\u00a0<b>UTOP\u00cdA<\/b>\u00a0promete convertirse en una de las grandes referencias de nuestro pa\u00eds.<\/p>\n<p class=\"Normal1\" style=\"text-align: justify;\">El festival ha anunciado hoy el\u00a0<b>cierre de carte<\/b>l con las incorporaciones\u00a0<b>de\u00a0 Ismael Rivas, B Jones, Ivan Pica, Danniel Selfmade, David Berna, y los DJs de M\u00e1xima FM \u2013 emisora oficial de\u00a0<\/b><b>UTOP\u00cdA<\/b><b>&#8211; Jose AM, Arturo Grao, Jose M Duro, David \u00c1lvarez y Tony Grox<\/b>.<\/p>\n<p class=\"Normal1\" style=\"text-align: justify;\">Adem\u00e1s\u00a0<b>UTOP\u00cdA<\/b>\u00a0ha comunicado hoy los esperados\u00a0<b>horarios por d\u00edas ya disponibles en\u00a0<a href=\"http:\/\/www.festivalutopia.com\/\">wwww.festivalutopia.com\u00a0<\/a>\u00a0<a href=\"https:\/\/www.facebook.com\/fest.utopia\/\">y las redes del festival<\/a><\/b>\u00a0para que los\u00a0<i>utopians<\/i>\u00a0puedan planificarse un fin de semana concebido para el disfrute de los sentidos.<\/p>\n<p class=\"Normal1\" style=\"text-align: justify;\">Se ha publicado tambi\u00e9n el plano del recinto:<b>\u00a0M\u00e1s de 40.000 metros cuadrados en los que se desplegar\u00e1n los alucinantes escenarios Vulcano y Waterfall para ofrecer m\u00e1s de 12 horas de m\u00fasica en directo<\/b>\u00a0a todos los\u00a0<i>utopians<\/i>. Adem\u00e1s la zona VIP, con gesti\u00f3n de\u00a0<b>Supermartx\u00e9<\/b>\u00a0que estar\u00e1 al cargo del festival de la primavera. El recinto cuenta con \u00e1reas de descanso y foodtrucks para reponer energ\u00eda.<\/p>\n<p class=\"Normal1\" style=\"text-align: justify;\">Utopia, \u00bfposiblemente el mejor festival de m\u00fasica electr\u00f3nica de este a\u00f1o?. En dos semanas, tendremos una primera respuesta.<\/p>\n\n\n<div class=\"kk-star-ratings kksr-auto kksr-align-left kksr-valign-bottom\"\n    data-payload='{&quot;align&quot;:&quot;left&quot;,&quot;id&quot;:&quot;557&quot;,&quot;slug&quot;:&quot;default&quot;,&quot;valign&quot;:&quot;bottom&quot;,&quot;ignore&quot;:&quot;&quot;,&quot;reference&quot;:&quot;auto&quot;,&quot;class&quot;:&quot;&quot;,&quot;count&quot;:&quot;0&quot;,&quot;legendonly&quot;:&quot;&quot;,&quot;readonly&quot;:&quot;&quot;,&quot;score&quot;:&quot;0&quot;,&quot;starsonly&quot;:&quot;&quot;,&quot;best&quot;:&quot;5&quot;,&quot;gap&quot;:&quot;5&quot;,&quot;greet&quot;:&quot;Rate this post&quot;,&quot;legend&quot;:&quot;0\\\/5 - (0 votos)&quot;,&quot;size&quot;:&quot;24&quot;,&quot;title&quot;:&quot;UTOP\\u00cdA: El festival de m\\u00fasica dance m\\u00e1s esperado de la primavera.&quot;,&quot;width&quot;:&quot;0&quot;,&quot;_legend&quot;:&quot;{score}\\\/{best} - ({count} {votes})&quot;,&quot;font_factor&quot;:&quot;1.25&quot;}'>\n            \n<div class=\"kksr-stars\">\n    \n<div class=\"kksr-stars-inactive\">\n            <div class=\"kksr-star\" data-star=\"1\" style=\"padding-right: 5px\">\n            \n\n<div class=\"kksr-icon\" style=\"width: 24px; height: 24px;\"><\/div>\n        <\/div>\n            <div class=\"kksr-star\" data-star=\"2\" style=\"padding-right: 5px\">\n            \n\n<div class=\"kksr-icon\" style=\"width: 24px; height: 24px;\"><\/div>\n        <\/div>\n            <div class=\"kksr-star\" data-star=\"3\" style=\"padding-right: 5px\">\n            \n\n<div class=\"kksr-icon\" style=\"width: 24px; height: 24px;\"><\/div>\n        <\/div>\n            <div class=\"kksr-star\" data-star=\"4\" style=\"padding-right: 5px\">\n            \n\n<div class=\"kksr-icon\" style=\"width: 24px; height: 24px;\"><\/div>\n        <\/div>\n            <div class=\"kksr-star\" data-star=\"5\" style=\"padding-right: 5px\">\n            \n\n<div class=\"kksr-icon\" style=\"width: 24px; height: 24px;\"><\/div>\n        <\/div>\n    <\/div>\n    \n<div class=\"kksr-stars-active\" style=\"width: 0px;\">\n            <div class=\"kksr-star\" style=\"padding-right: 5px\">\n            \n\n<div class=\"kksr-icon\" style=\"width: 24px; height: 24px;\"><\/div>\n        <\/div>\n            <div class=\"kksr-star\" style=\"padding-right: 5px\">\n            \n\n<div class=\"kksr-icon\" style=\"width: 24px; height: 24px;\"><\/div>\n        <\/div>\n            <div class=\"kksr-star\" style=\"padding-right: 5px\">\n            \n\n<div class=\"kksr-icon\" style=\"width: 24px; height: 24px;\"><\/div>\n        <\/div>\n            <div class=\"kksr-star\" style=\"padding-right: 5px\">\n            \n\n<div class=\"kksr-icon\" style=\"width: 24px; height: 24px;\"><\/div>\n        <\/div>\n            <div class=\"kksr-star\" style=\"padding-right: 5px\">\n            \n\n<div class=\"kksr-icon\" style=\"width: 24px; height: 24px;\"><\/div>\n        <\/div>\n    <\/div>\n<\/div>\n                \n\n<div class=\"kksr-legend\" style=\"font-size: 19.2px;\">\n            <span class=\"kksr-muted\">Rate this post<\/span>\n    <\/div>\n    <\/div>\n","protected":false},"excerpt":{"rendered":"<p>En apenas dos semanas la Universidad Complutense de Madrid acoger\u00e1 al festival de m\u00fasica electr\u00f3nica m\u00e1s esperado de la primavera que debuta en su primera edici\u00f3n con un cartel so\u00f1ado y una producci\u00f3n que dar\u00e1 mucho que hablar. Los pr\u00f3ximos 4 y 5 de junio de 12pm a 1am la isla ef\u00edmera de\u00a0UTOP\u00cdA\u00a0\u2013\u00a0www.festivalutopia.com\u00a0&#8211; abrir\u00e1 sus <\/p>\n","protected":false},"author":1,"featured_media":559,"comment_status":"open","ping_status":"closed","sticky":false,"template":"","format":"standard","meta":{"jetpack_post_was_ever_published":false,"_jetpack_newsletter_access":"","footnotes":"","jetpack_publicize_message":"","jetpack_is_tweetstorm":false,"jetpack_publicize_feature_enabled":true,"jetpack_social_post_already_shared":true,"jetpack_social_options":{"image_generator_settings":{"template":"highway","enabled":false}}},"categories":[106],"tags":[107,91],"jetpack_publicize_connections":[],"aioseo_notices":[],"jetpack_featured_media_url":"https:\/\/i0.wp.com\/beat4people.com\/wp-content\/uploads\/2016\/05\/logo.png?fit=281%2C180&ssl=1","jetpack_sharing_enabled":true,"jetpack_likes_enabled":true,"jetpack-related-posts":[],"_links":{"self":[{"href":"https:\/\/beat4people.com\/index.php\/wp-json\/wp\/v2\/posts\/557"}],"collection":[{"href":"https:\/\/beat4people.com\/index.php\/wp-json\/wp\/v2\/posts"}],"about":[{"href":"https:\/\/beat4people.com\/index.php\/wp-json\/wp\/v2\/types\/post"}],"author":[{"embeddable":true,"href":"https:\/\/beat4people.com\/index.php\/wp-json\/wp\/v2\/users\/1"}],"replies":[{"embeddable":true,"href":"https:\/\/beat4people.com\/index.php\/wp-json\/wp\/v2\/comments?post=557"}],"version-history":[{"count":0,"href":"https:\/\/beat4people.com\/index.php\/wp-json\/wp\/v2\/posts\/557\/revisions"}],"wp:featuredmedia":[{"embeddable":true,"href":"https:\/\/beat4people.com\/index.php\/wp-json\/wp\/v2\/media\/559"}],"wp:attachment":[{"href":"https:\/\/beat4people.com\/index.php\/wp-json\/wp\/v2\/media?parent=557"}],"wp:term":[{"taxonomy":"category","embeddable":true,"href":"https:\/\/beat4people.com\/index.php\/wp-json\/wp\/v2\/categories?post=557"},{"taxonomy":"post_tag","embeddable":true,"href":"https:\/\/beat4people.com\/index.php\/wp-json\/wp\/v2\/tags?post=557"}],"curies":[{"name":"wp","href":"https:\/\/api.w.org\/{rel}","templated":true}]}}