{"id":601,"date":"2016-06-10T03:57:25","date_gmt":"2016-06-10T03:57:25","guid":{"rendered":"http:\/\/beat4people.com\/?p=601"},"modified":"2016-06-10T04:08:59","modified_gmt":"2016-06-10T04:08:59","slug":"si-dios-quiere-inteligente-reflexion-en-clave-comica","status":"publish","type":"post","link":"https:\/\/beat4people.com\/index.php\/2016\/06\/10\/si-dios-quiere-inteligente-reflexion-en-clave-comica\/","title":{"rendered":"Si Dios quiere: inteligente reflexi\u00f3n en clave c\u00f3mica"},"content":{"rendered":"<p><a href=\"https:\/\/i0.wp.com\/beat4people.com\/wp-content\/uploads\/2016\/06\/si_dios_quiere_53480.jpg\"><img data-attachment-id=\"602\" data-permalink=\"https:\/\/beat4people.com\/index.php\/2016\/06\/10\/si-dios-quiere-inteligente-reflexion-en-clave-comica\/null\/\" data-orig-file=\"https:\/\/i0.wp.com\/beat4people.com\/wp-content\/uploads\/2016\/06\/si_dios_quiere_53480.jpg?fit=800%2C1185&amp;ssl=1\" data-orig-size=\"800,1185\" data-comments-opened=\"1\" data-image-meta=\"{&quot;aperture&quot;:&quot;0&quot;,&quot;credit&quot;:&quot;null&quot;,&quot;camera&quot;:&quot;&quot;,&quot;caption&quot;:&quot;null&quot;,&quot;created_timestamp&quot;:&quot;0&quot;,&quot;copyright&quot;:&quot;null&quot;,&quot;focal_length&quot;:&quot;0&quot;,&quot;iso&quot;:&quot;0&quot;,&quot;shutter_speed&quot;:&quot;0&quot;,&quot;title&quot;:&quot;null&quot;,&quot;orientation&quot;:&quot;0&quot;}\" data-image-title=\"null\" data-image-description=\"\" data-image-caption=\"&lt;p&gt;null&lt;\/p&gt;\n\" data-medium-file=\"https:\/\/i0.wp.com\/beat4people.com\/wp-content\/uploads\/2016\/06\/si_dios_quiere_53480.jpg?fit=203%2C300&amp;ssl=1\" data-large-file=\"https:\/\/i0.wp.com\/beat4people.com\/wp-content\/uploads\/2016\/06\/si_dios_quiere_53480.jpg?fit=640%2C948&amp;ssl=1\" decoding=\"async\" loading=\"lazy\" class=\"wp-image-602 alignleft\" src=\"https:\/\/i0.wp.com\/beat4people.com\/wp-content\/uploads\/2016\/06\/si_dios_quiere_53480.jpg?resize=273%2C404\" alt=\"null\" width=\"273\" height=\"404\" srcset=\"https:\/\/i0.wp.com\/beat4people.com\/wp-content\/uploads\/2016\/06\/si_dios_quiere_53480.jpg?w=800&amp;ssl=1 800w, https:\/\/i0.wp.com\/beat4people.com\/wp-content\/uploads\/2016\/06\/si_dios_quiere_53480.jpg?resize=203%2C300&amp;ssl=1 203w, https:\/\/i0.wp.com\/beat4people.com\/wp-content\/uploads\/2016\/06\/si_dios_quiere_53480.jpg?resize=768%2C1138&amp;ssl=1 768w, https:\/\/i0.wp.com\/beat4people.com\/wp-content\/uploads\/2016\/06\/si_dios_quiere_53480.jpg?resize=691%2C1024&amp;ssl=1 691w, https:\/\/i0.wp.com\/beat4people.com\/wp-content\/uploads\/2016\/06\/si_dios_quiere_53480.jpg?resize=696%2C1031&amp;ssl=1 696w, https:\/\/i0.wp.com\/beat4people.com\/wp-content\/uploads\/2016\/06\/si_dios_quiere_53480.jpg?resize=284%2C420&amp;ssl=1 284w\" sizes=\"(max-width: 273px) 100vw, 273px\" data-recalc-dims=\"1\" \/><\/a><\/p>\n<p style=\"text-align: justify;\">La \u00f3pera prima del guionista <a href=\"http:\/\/www.imdb.com\/name\/nm2640138\/\">Edoardo Falcone<\/a>, tan aclamada por p\u00fablico y cr\u00edtica, llega a nuestro pa\u00eds hoy viernes 10 de Julio gracias a <a href=\"http:\/\/www.acontracorrientefilms.com\/pelicula\/551\/si-dios-quiere\/\">A Contracorriente Films<\/a>.<\/p>\n<p style=\"text-align: justify;\">El \u00e9xito de <a href=\"http:\/\/www.filmaffinity.com\/es\/film768147.html\"><i>Si Dios quiere<\/i><\/a> no solo es por su reparto, encabezado por grandes actores, <a href=\"http:\/\/www.imdb.com\/name\/nm0316074\/?ref_=tt_ov_st_sm\">Marco Giallini<\/a> (Tommaso) <a href=\"http:\/\/www.imdb.com\/name\/nm0309348\/?ref_=tt_ov_st_sm\">Alessandro Gassman<\/a> (el cura don Pietro), hijo \u00e9ste del genial <a href=\"http:\/\/www.imdb.com\/name\/nm0002094\/?ref_=fn_al_nm_1\">Vittorio Gassman<\/a>, y<a href=\"http:\/\/www.imdb.com\/name\/nm0603090\/\">\u00a0Laura Morante<\/a>\u00a0(Carla, la desesperada madre).<\/p>\n<p style=\"text-align: justify;\">Los otros elementos del \u00e9xito son\u00a0su ritmo, di\u00e1logos, y, en general, toda la naturalidad aunque algo exagerada que desprende ante un hecho que, sobre todo en Roma, podr\u00eda ser normal.<\/p>\n<p style=\"text-align: justify;\">Un equ\u00edvoco, lo que hace volar por los aires la calma tensa que vive la familia de Tommaso, un afamado cirujano, es la confesi\u00f3n de su hijo menor. Lo que aparenta ser otra cosa, teniendo todo el apoyo de Tommaso y el resto de la familia, acaba por enfrentar a Tommaso con su hijo, aunque al principio no sepa c\u00f3mo dec\u00edrselo. Su hijo menor quiere dejar los estudios de medicina para entrar en el seminario.<\/p>\n<p style=\"text-align: justify;\">Tommaso, un ateo convencido, pragm\u00e1tico y muy cient\u00edfico, llega a enfurecerse tanto que inicia un plan absurdo, por lo exagerado, para intentar desenmascarar al padre Pietro.<\/p>\n<p style=\"text-align: justify;\">Un plan que supone una \u00abmetaactuaci\u00f3n\u00bb, (actuar dentro de la ficci\u00f3n). Estas secuencias son, sin duda, parte del \u00e9xito de esta, podr\u00edamos decir, neorrealista comedia italiana.\u00a0 Pero tiene otros muy buenos momentos, que har\u00e1n que la pel\u00edcula pase en un abrir y cerrar de ojos, lo mejor que puede pasarle a una obra cinematogr\u00e1fica, un concierto o un teatro. Todo lo contrario de las obras que al espectador se le hacen largas.<\/p>\n<p style=\"text-align: justify;\">Para no desvelar mucho m\u00e1s, me gustar\u00eda a\u00f1adir que <a href=\"https:\/\/www.youtube.com\/watch?v=tzQsLy8nHyw\"><i>Si Dios quiere<\/i><\/a> trata muy bien, y con sumo respeto, la dualidad entre ate\u00edsmo y fe. Entre creer o ser un pragm\u00e1tico que todo lo basa en la m\u00e1s pura ciencia, aunque la ciencia no tiene la soluci\u00f3n a los grandes enigmas.<\/p>\n<p style=\"text-align: justify;\">No puede decirse que la intenci\u00f3n sea tomar partido por un bando u otro, a pesar de que, sutilmente, se contraponen ambas posturas de un inicio cuando el hijo est\u00e1 leyendo los Evangelios dando la espalda a un telescopio, (una referencia a <a href=\"https:\/\/es.wikipedia.org\/wiki\/Galileo_Galilei\">Galileo Galilei<\/a>).<\/p>\n<p style=\"text-align: justify;\">Otro de los aciertos est\u00e1 en que para cada espectador, el mensaje, el final de esta conmovedora, familiar y genial historia, significar\u00e1 algo diferente.<\/p>\n<p style=\"text-align: justify;\">Combinando con pasmosa genialidad el \u00abactual\u00bbneorrealismo italiano con la mejor comedia italiana, Edoardo logra, en definitiva, un film que no dejar\u00e1 indiferente a nadie. Quien busque algo para pasar un buen rato, sin sobresaltos, reflexionar un poco y disfrutar de una parte de la belleza de Roma, esta es, sin duda, su pel\u00edcula. Mejor si es en versi\u00f3n original, para apreciar todo el talento del reparto y el guion. Como extra, os dejamos esta <a href=\"https:\/\/www.youtube.com\/watch?v=-IxQxl3hrlo\">entrevista<\/a> con Edoardo Falcone.<\/p>\n<p style=\"text-align: justify;\"><a href=\"https:\/\/twitter.com\/eduvicu\">@EduVicu<\/a><\/p>\n\n\n<div class=\"kk-star-ratings kksr-auto kksr-align-left kksr-valign-bottom\"\n    data-payload='{&quot;align&quot;:&quot;left&quot;,&quot;id&quot;:&quot;601&quot;,&quot;slug&quot;:&quot;default&quot;,&quot;valign&quot;:&quot;bottom&quot;,&quot;ignore&quot;:&quot;&quot;,&quot;reference&quot;:&quot;auto&quot;,&quot;class&quot;:&quot;&quot;,&quot;count&quot;:&quot;0&quot;,&quot;legendonly&quot;:&quot;&quot;,&quot;readonly&quot;:&quot;&quot;,&quot;score&quot;:&quot;0&quot;,&quot;starsonly&quot;:&quot;&quot;,&quot;best&quot;:&quot;5&quot;,&quot;gap&quot;:&quot;5&quot;,&quot;greet&quot;:&quot;Rate this post&quot;,&quot;legend&quot;:&quot;0\\\/5 - (0 votos)&quot;,&quot;size&quot;:&quot;24&quot;,&quot;title&quot;:&quot;Si Dios quiere: inteligente reflexi\\u00f3n en clave c\\u00f3mica&quot;,&quot;width&quot;:&quot;0&quot;,&quot;_legend&quot;:&quot;{score}\\\/{best} - ({count} {votes})&quot;,&quot;font_factor&quot;:&quot;1.25&quot;}'>\n            \n<div class=\"kksr-stars\">\n    \n<div class=\"kksr-stars-inactive\">\n            <div class=\"kksr-star\" data-star=\"1\" style=\"padding-right: 5px\">\n            \n\n<div class=\"kksr-icon\" style=\"width: 24px; height: 24px;\"><\/div>\n        <\/div>\n            <div class=\"kksr-star\" data-star=\"2\" style=\"padding-right: 5px\">\n            \n\n<div class=\"kksr-icon\" style=\"width: 24px; height: 24px;\"><\/div>\n        <\/div>\n            <div class=\"kksr-star\" data-star=\"3\" style=\"padding-right: 5px\">\n            \n\n<div class=\"kksr-icon\" style=\"width: 24px; height: 24px;\"><\/div>\n        <\/div>\n            <div class=\"kksr-star\" data-star=\"4\" style=\"padding-right: 5px\">\n            \n\n<div class=\"kksr-icon\" style=\"width: 24px; height: 24px;\"><\/div>\n        <\/div>\n            <div class=\"kksr-star\" data-star=\"5\" style=\"padding-right: 5px\">\n            \n\n<div class=\"kksr-icon\" style=\"width: 24px; height: 24px;\"><\/div>\n        <\/div>\n    <\/div>\n    \n<div class=\"kksr-stars-active\" style=\"width: 0px;\">\n            <div class=\"kksr-star\" style=\"padding-right: 5px\">\n            \n\n<div class=\"kksr-icon\" style=\"width: 24px; height: 24px;\"><\/div>\n        <\/div>\n            <div class=\"kksr-star\" style=\"padding-right: 5px\">\n            \n\n<div class=\"kksr-icon\" style=\"width: 24px; height: 24px;\"><\/div>\n        <\/div>\n            <div class=\"kksr-star\" style=\"padding-right: 5px\">\n            \n\n<div class=\"kksr-icon\" style=\"width: 24px; height: 24px;\"><\/div>\n        <\/div>\n            <div class=\"kksr-star\" style=\"padding-right: 5px\">\n            \n\n<div class=\"kksr-icon\" style=\"width: 24px; height: 24px;\"><\/div>\n        <\/div>\n            <div class=\"kksr-star\" style=\"padding-right: 5px\">\n            \n\n<div class=\"kksr-icon\" style=\"width: 24px; height: 24px;\"><\/div>\n        <\/div>\n    <\/div>\n<\/div>\n                \n\n<div class=\"kksr-legend\" style=\"font-size: 19.2px;\">\n            <span class=\"kksr-muted\">Rate this post<\/span>\n    <\/div>\n    <\/div>\n","protected":false},"excerpt":{"rendered":"<p>La \u00f3pera prima del guionista Edoardo Falcone, tan aclamada por p\u00fablico y cr\u00edtica, llega a nuestro pa\u00eds hoy viernes 10 de Julio gracias a A Contracorriente Films. El \u00e9xito de Si Dios quiere no solo es por su reparto, encabezado por grandes actores, Marco Giallini (Tommaso) Alessandro Gassman (el cura don Pietro), hijo \u00e9ste del <\/p>\n","protected":false},"author":4,"featured_media":603,"comment_status":"open","ping_status":"closed","sticky":false,"template":"","format":"standard","meta":{"jetpack_post_was_ever_published":false,"_jetpack_newsletter_access":"","footnotes":"","jetpack_publicize_message":"","jetpack_is_tweetstorm":false,"jetpack_publicize_feature_enabled":true,"jetpack_social_post_already_shared":true,"jetpack_social_options":{"image_generator_settings":{"template":"highway","enabled":false}}},"categories":[2],"tags":[94],"jetpack_publicize_connections":[],"aioseo_notices":[],"jetpack_featured_media_url":"https:\/\/i0.wp.com\/beat4people.com\/wp-content\/uploads\/2016\/06\/Si-Dios-quiere-Pelicula-Italiana-1-e1464283160421.jpg?fit=2048%2C860&ssl=1","jetpack_sharing_enabled":true,"jetpack_likes_enabled":true,"jetpack-related-posts":[],"_links":{"self":[{"href":"https:\/\/beat4people.com\/index.php\/wp-json\/wp\/v2\/posts\/601"}],"collection":[{"href":"https:\/\/beat4people.com\/index.php\/wp-json\/wp\/v2\/posts"}],"about":[{"href":"https:\/\/beat4people.com\/index.php\/wp-json\/wp\/v2\/types\/post"}],"author":[{"embeddable":true,"href":"https:\/\/beat4people.com\/index.php\/wp-json\/wp\/v2\/users\/4"}],"replies":[{"embeddable":true,"href":"https:\/\/beat4people.com\/index.php\/wp-json\/wp\/v2\/comments?post=601"}],"version-history":[{"count":0,"href":"https:\/\/beat4people.com\/index.php\/wp-json\/wp\/v2\/posts\/601\/revisions"}],"wp:featuredmedia":[{"embeddable":true,"href":"https:\/\/beat4people.com\/index.php\/wp-json\/wp\/v2\/media\/603"}],"wp:attachment":[{"href":"https:\/\/beat4people.com\/index.php\/wp-json\/wp\/v2\/media?parent=601"}],"wp:term":[{"taxonomy":"category","embeddable":true,"href":"https:\/\/beat4people.com\/index.php\/wp-json\/wp\/v2\/categories?post=601"},{"taxonomy":"post_tag","embeddable":true,"href":"https:\/\/beat4people.com\/index.php\/wp-json\/wp\/v2\/tags?post=601"}],"curies":[{"name":"wp","href":"https:\/\/api.w.org\/{rel}","templated":true}]}}