{"id":773,"date":"2016-10-28T16:29:53","date_gmt":"2016-10-28T16:29:53","guid":{"rendered":"http:\/\/beat4people.com\/?p=773"},"modified":"2019-01-01T12:23:15","modified_gmt":"2019-01-01T11:23:15","slug":"jan-una-historia-inspiradora-y-universal","status":"publish","type":"post","link":"https:\/\/beat4people.com\/index.php\/2016\/10\/28\/jan-una-historia-inspiradora-y-universal\/","title":{"rendered":"Jan, una historia inspiradora y universal"},"content":{"rendered":"<p style=\"text-align: justify;\">\u00a0\u00a0<a href=\"https:\/\/i0.wp.com\/beat4people.com\/wp-content\/uploads\/2016\/10\/miniatura-historia-jan-redux.jpg\" target=\"_blank\" rel=\"noopener\"><img data-attachment-id=\"775\" data-permalink=\"https:\/\/beat4people.com\/index.php\/2016\/10\/28\/jan-una-historia-inspiradora-y-universal\/miniatura-historia-jan-redux\/\" data-orig-file=\"https:\/\/i0.wp.com\/beat4people.com\/wp-content\/uploads\/2016\/10\/miniatura-historia-jan-redux.jpg?fit=231%2C325&amp;ssl=1\" data-orig-size=\"231,325\" data-comments-opened=\"1\" data-image-meta=\"{&quot;aperture&quot;:&quot;0&quot;,&quot;credit&quot;:&quot;&quot;,&quot;camera&quot;:&quot;&quot;,&quot;caption&quot;:&quot;&quot;,&quot;created_timestamp&quot;:&quot;0&quot;,&quot;copyright&quot;:&quot;&quot;,&quot;focal_length&quot;:&quot;0&quot;,&quot;iso&quot;:&quot;0&quot;,&quot;shutter_speed&quot;:&quot;0&quot;,&quot;title&quot;:&quot;&quot;,&quot;orientation&quot;:&quot;1&quot;}\" data-image-title=\"miniatura-historia-jan-redux\" data-image-description=\"\" data-image-caption=\"\" data-medium-file=\"https:\/\/i0.wp.com\/beat4people.com\/wp-content\/uploads\/2016\/10\/miniatura-historia-jan-redux.jpg?fit=213%2C300&amp;ssl=1\" data-large-file=\"https:\/\/i0.wp.com\/beat4people.com\/wp-content\/uploads\/2016\/10\/miniatura-historia-jan-redux.jpg?fit=231%2C325&amp;ssl=1\" decoding=\"async\" loading=\"lazy\" class=\"alignleft wp-image-775 size-full\" src=\"https:\/\/i0.wp.com\/beat4people.com\/wp-content\/uploads\/2016\/10\/miniatura-historia-jan-redux.jpg?resize=231%2C325\" alt=\"miniatura-historia-jan-redux\" width=\"231\" height=\"325\" srcset=\"https:\/\/i0.wp.com\/beat4people.com\/wp-content\/uploads\/2016\/10\/miniatura-historia-jan-redux.jpg?w=231&amp;ssl=1 231w, https:\/\/i0.wp.com\/beat4people.com\/wp-content\/uploads\/2016\/10\/miniatura-historia-jan-redux.jpg?resize=213%2C300&amp;ssl=1 213w\" sizes=\"(max-width: 231px) 100vw, 231px\" data-recalc-dims=\"1\" \/><\/a> No es f\u00e1cil escribir una cr\u00f3nica. Nunca lo es, pero cuando sales de ver una pel\u00edcula tan emotiva, vibrante e ilusionante es mucho m\u00e1s complejo.<\/p>\n<p style=\"text-align: justify;\">\u00a0\u00a0 <em><a href=\"http:\/\/lapelicula.lahistoriadejan.com\/\">La historia de Jan<\/a><\/em>, que algunos la comparan con \u201cla <em><a href=\"http:\/\/www.filmaffinity.com\/es\/film175667.html\">Boyhood<\/a><\/em> espa\u00f1ola\u201d, va mucho m\u00e1s all\u00e1 que contar la vida de un ni\u00f1o. Para empezar, esto es cien por cien real y el protagonista, Jan, es un ni\u00f1o muy despierto que naci\u00f3 con Sindrome Down. Lejos de ser una carga para sus padres, con esta pel\u00edcula, dirigida, realizada y editada por su propio padre (<a href=\"http:\/\/www.imdb.com\/name\/nm3553626\/?ref_=tt_ov_dr\">Bernardo Moll Otto<\/a>), demostraron que, por encima de todo, Jan y el resto de afectados por este s\u00edndrome, son personas. Personas muy capaces. Aunque requieran m\u00e1s tiempo de aprendizaje, m\u00e1s paciencia y atenci\u00f3n. Pero al final, estos ni\u00f1os dan tanta o m\u00e1s ilusi\u00f3n y cari\u00f1o como cualquier otro<\/p>\n<p style=\"text-align: justify;\"><em>\u00a0\u00a0 <a href=\"https:\/\/www.facebook.com\/lahistoriadejan\">La historia de Jan<\/a> <\/em>es una pel\u00edcula que merece no solo estrenarse en cines, como va a pasar el pr\u00f3ximo 4 de noviembre ( como regalo de cumplea\u00f1os de Jan) gracias a <a href=\"http:\/\/www.acontracorrientefilms.com\/\">A Contracorriente Films<\/a>, y en televisi\u00f3n, sino adem\u00e1s debe ser difundida en colegios, institutos, universidades, Fundaciones (especialmente las dedicadas al S\u00edndrome Down, como <a href=\"http:\/\/www.specialolympics.es\/\">Special Olympics<\/a>) y escuelas de cine.<\/p>\n<p style=\"text-align: justify;\">\u00a0\u00a0 Digo escuelas de cine porque no solo es una pel\u00edcula que transmite valores, sino que es un buen ejercicio audiovisual, un reto que a\u00fana el formato del videoblog con un largometraje que en ning\u00fan momento se hace pesado. Es m\u00e1s, te deja con ganas de seguir conociendo a Jan. Veo esta obra como seria candidata a m\u00e1s de un premio, entre ellos el Goya a la Mejor Pel\u00edcula, aunque sea como gesto simb\u00f3lico. El cine, como cualquier obra art\u00edstica, puede ser algo m\u00e1s que mero entretenimiento o expresi\u00f3n art\u00edstica de una generaci\u00f3n.<\/p>\n<p style=\"text-align: justify;\">\u00a0 Esperemos que el <a href=\"http:\/\/lahistoriadejan.com\/\">proyecto<\/a> siga, quiz\u00e1 no tan continuado como hasta ahora, pero que sus padres nos sigan contando c\u00f3mo evoluciona. Porque el car\u00e1cter tan abierto y simp\u00e1tico de Jan abre muchas puertas al todav\u00eda escasamente conocido S\u00edndrome Down, haciendo un enorme favor a los que lo padecen, sus familiares y cuidadores.<\/p>\n<p style=\"text-align: justify;\">\u00a0 Para cerrar, quisiera recomendar esta pel\u00edcula junto al blog a todos y dar las gracias a Bernardo y M\u00f3nica, por presentarnos a Jan, a qui\u00e9n deseo todo lo mejor y seguir anim\u00e1ndole en el largo y apasionante proceso de aprendizaje que para todos es la vida, con su sucesi\u00f3n de penas y alegr\u00edas como en la tremenda, inspiradora y universal<em> <a href=\"https:\/\/twitter.com\/lahistoriadejan\">Historia de Jan<\/a><\/em>.<\/p>\n\n\n<div class=\"kk-star-ratings kksr-auto kksr-align-left kksr-valign-bottom\"\n    data-payload='{&quot;align&quot;:&quot;left&quot;,&quot;id&quot;:&quot;773&quot;,&quot;slug&quot;:&quot;default&quot;,&quot;valign&quot;:&quot;bottom&quot;,&quot;ignore&quot;:&quot;&quot;,&quot;reference&quot;:&quot;auto&quot;,&quot;class&quot;:&quot;&quot;,&quot;count&quot;:&quot;0&quot;,&quot;legendonly&quot;:&quot;&quot;,&quot;readonly&quot;:&quot;&quot;,&quot;score&quot;:&quot;0&quot;,&quot;starsonly&quot;:&quot;&quot;,&quot;best&quot;:&quot;5&quot;,&quot;gap&quot;:&quot;5&quot;,&quot;greet&quot;:&quot;Rate this post&quot;,&quot;legend&quot;:&quot;0\\\/5 - (0 votos)&quot;,&quot;size&quot;:&quot;24&quot;,&quot;title&quot;:&quot;Jan, una historia inspiradora y universal&quot;,&quot;width&quot;:&quot;0&quot;,&quot;_legend&quot;:&quot;{score}\\\/{best} - ({count} {votes})&quot;,&quot;font_factor&quot;:&quot;1.25&quot;}'>\n            \n<div class=\"kksr-stars\">\n    \n<div class=\"kksr-stars-inactive\">\n            <div class=\"kksr-star\" data-star=\"1\" style=\"padding-right: 5px\">\n            \n\n<div class=\"kksr-icon\" style=\"width: 24px; height: 24px;\"><\/div>\n        <\/div>\n            <div class=\"kksr-star\" data-star=\"2\" style=\"padding-right: 5px\">\n            \n\n<div class=\"kksr-icon\" style=\"width: 24px; height: 24px;\"><\/div>\n        <\/div>\n            <div class=\"kksr-star\" data-star=\"3\" style=\"padding-right: 5px\">\n            \n\n<div class=\"kksr-icon\" style=\"width: 24px; height: 24px;\"><\/div>\n        <\/div>\n            <div class=\"kksr-star\" data-star=\"4\" style=\"padding-right: 5px\">\n            \n\n<div class=\"kksr-icon\" style=\"width: 24px; height: 24px;\"><\/div>\n        <\/div>\n            <div class=\"kksr-star\" data-star=\"5\" style=\"padding-right: 5px\">\n            \n\n<div class=\"kksr-icon\" style=\"width: 24px; height: 24px;\"><\/div>\n        <\/div>\n    <\/div>\n    \n<div class=\"kksr-stars-active\" style=\"width: 0px;\">\n            <div class=\"kksr-star\" style=\"padding-right: 5px\">\n            \n\n<div class=\"kksr-icon\" style=\"width: 24px; height: 24px;\"><\/div>\n        <\/div>\n            <div class=\"kksr-star\" style=\"padding-right: 5px\">\n            \n\n<div class=\"kksr-icon\" style=\"width: 24px; height: 24px;\"><\/div>\n        <\/div>\n            <div class=\"kksr-star\" style=\"padding-right: 5px\">\n            \n\n<div class=\"kksr-icon\" style=\"width: 24px; height: 24px;\"><\/div>\n        <\/div>\n            <div class=\"kksr-star\" style=\"padding-right: 5px\">\n            \n\n<div class=\"kksr-icon\" style=\"width: 24px; height: 24px;\"><\/div>\n        <\/div>\n            <div class=\"kksr-star\" style=\"padding-right: 5px\">\n            \n\n<div class=\"kksr-icon\" style=\"width: 24px; height: 24px;\"><\/div>\n        <\/div>\n    <\/div>\n<\/div>\n                \n\n<div class=\"kksr-legend\" style=\"font-size: 19.2px;\">\n            <span class=\"kksr-muted\">Rate this post<\/span>\n    <\/div>\n    <\/div>\n","protected":false},"excerpt":{"rendered":"<p>\u00a0\u00a0 No es f\u00e1cil escribir una cr\u00f3nica. Nunca lo es, pero cuando sales de ver una pel\u00edcula tan emotiva, vibrante e ilusionante es mucho m\u00e1s complejo. \u00a0\u00a0 La historia de Jan, que algunos la comparan con \u201cla Boyhood espa\u00f1ola\u201d, va mucho m\u00e1s all\u00e1 que contar la vida de un ni\u00f1o. Para empezar, esto es cien <\/p>\n","protected":false},"author":4,"featured_media":774,"comment_status":"open","ping_status":"closed","sticky":false,"template":"","format":"standard","meta":{"jetpack_post_was_ever_published":false,"_jetpack_newsletter_access":"","footnotes":"","jetpack_publicize_message":"","jetpack_is_tweetstorm":false,"jetpack_publicize_feature_enabled":true,"jetpack_social_post_already_shared":true,"jetpack_social_options":{"image_generator_settings":{"template":"highway","enabled":false}}},"categories":[2],"tags":[94],"jetpack_publicize_connections":[],"aioseo_notices":[],"jetpack_featured_media_url":"https:\/\/i0.wp.com\/beat4people.com\/wp-content\/uploads\/2016\/10\/banner-historia-Jan.jpg?fit=745%2C393&ssl=1","jetpack_sharing_enabled":true,"jetpack_likes_enabled":true,"jetpack-related-posts":[],"_links":{"self":[{"href":"https:\/\/beat4people.com\/index.php\/wp-json\/wp\/v2\/posts\/773"}],"collection":[{"href":"https:\/\/beat4people.com\/index.php\/wp-json\/wp\/v2\/posts"}],"about":[{"href":"https:\/\/beat4people.com\/index.php\/wp-json\/wp\/v2\/types\/post"}],"author":[{"embeddable":true,"href":"https:\/\/beat4people.com\/index.php\/wp-json\/wp\/v2\/users\/4"}],"replies":[{"embeddable":true,"href":"https:\/\/beat4people.com\/index.php\/wp-json\/wp\/v2\/comments?post=773"}],"version-history":[{"count":0,"href":"https:\/\/beat4people.com\/index.php\/wp-json\/wp\/v2\/posts\/773\/revisions"}],"wp:featuredmedia":[{"embeddable":true,"href":"https:\/\/beat4people.com\/index.php\/wp-json\/wp\/v2\/media\/774"}],"wp:attachment":[{"href":"https:\/\/beat4people.com\/index.php\/wp-json\/wp\/v2\/media?parent=773"}],"wp:term":[{"taxonomy":"category","embeddable":true,"href":"https:\/\/beat4people.com\/index.php\/wp-json\/wp\/v2\/categories?post=773"},{"taxonomy":"post_tag","embeddable":true,"href":"https:\/\/beat4people.com\/index.php\/wp-json\/wp\/v2\/tags?post=773"}],"curies":[{"name":"wp","href":"https:\/\/api.w.org\/{rel}","templated":true}]}}